{"id":972,"date":"2016-02-12T16:33:19","date_gmt":"2016-02-12T18:33:19","guid":{"rendered":"https:\/\/blogs.correiobraziliense.com.br\/servidor\/?p=972"},"modified":"2016-02-12T16:33:19","modified_gmt":"2016-02-12T18:33:19","slug":"otavio-ladeira-e-o-novo-secretario-do-tesouro-nacional","status":"publish","type":"post","link":"https:\/\/blogs.correiobraziliense.com.br\/servidor\/otavio-ladeira-e-o-novo-secretario-do-tesouro-nacional\/","title":{"rendered":"OT\u00c1VIO LADEIRA \u00c9 O NOVO SECRET\u00c1RIO DO TESOURO NACIONAL"},"content":{"rendered":"<p>O Minist\u00e9rio da Fazenda informou que o analista de finan\u00e7as e controle Otavio Ladeira de Medeiros foi confirmado hoje como o novo secret\u00e1rio da Secretaria do Tesouro Nacional (STN). Ladeira, que j\u00e1 ocupava interinamente o cargo desde 22 de dezembro de 2015, \u00e9 o primeiro secret\u00e1rio efetivo da carreira de finan\u00e7as e controle, criada em 1989.<\/p>\n<p>&nbsp;<\/p>\n<p>Ladeira tem gradua\u00e7\u00e3o e mestrado em Ci\u00eancias Econ\u00f4micas pela Universidade de Bras\u00edlia (UnB), MBA executivo em finan\u00e7as pelo Instituto Brasileiro de Mercado de Capitais e extens\u00e3o em \u201c<em>The Theory and Operation of a Modern National Economy<\/em>\u201d, na George Washington University.<\/p>\n<h4><\/h4>\n<h4><strong>Servidor efetivo da STN desde 1994, o novo secret\u00e1rio construiu uma consistente carreira na Institui\u00e7\u00e3o, principalmente na \u00e1rea da d\u00edvida p\u00fablica, tendo ocupado os cargos de chefe-adjunto\u00a0 e chefe da Divis\u00e3o de An\u00e1lise e Planejamento da D\u00edvida P\u00fablica (1994 a 1999), coordenador de Administra\u00e7\u00e3o da D\u00edvida P\u00fablica (1999) e coordenador e coordenador-geral de de Planejamento Estrat\u00e9gico da D\u00edvida P\u00fablica (1999 a 2015).\u00a0 Em abril de 2015, assumiu a Subsecretaria de Planejamento e Estat\u00edsticas Fiscais.<\/strong><\/h4>\n<h4><strong>\u00a0<\/strong><\/h4>\n<h4><strong>\u00c9 autor de publica\u00e7\u00f5es t\u00e9cnicas na \u00e1rea da d\u00edvida, dentre as quais se destaca um capitulo, al\u00e9m da coordena\u00e7\u00e3o do Livro \u201cD\u00edvida P\u00fablica: a Experi\u00eancia Brasileira\u201d, lan\u00e7ado em 2009 pela STN em parceria com o Banco Mundial. Considerado um marco na \u00e1rea, o livro explora a experi\u00eancia do Pa\u00eds no gerenciamento da sua D\u00edvida P\u00fablica.<\/strong><\/h4>\n<p>&nbsp;<\/p>\n<p>Como docente, atuou como professor de p\u00f3s-gradua\u00e7\u00e3o de Direito Econ\u00f4mico e de Empresas na Funda\u00e7\u00e3o Get\u00falio Vargas (FGV) e de <em>Debt Management on Macroeconomic and Financial Management Institute of Eastern and Southern Africa<\/em> (Angola).<\/p>\n<p>&nbsp;<\/p>\n<p>Como representante do Minist\u00e9rio da Fazenda, Ot\u00e1vio Ladeira foi presidente do Conselho Fiscal do Banco do Brasil Investimentos S.A. (2001 a 2005 e 2009 a 2012) e do Conselho Fiscal do Banco do Brasil S.A. (2005 a 2009).<\/p>\n","protected":false},"excerpt":{"rendered":"<p>O Minist\u00e9rio da Fazenda informou que o analista de finan\u00e7as e controle Otavio Ladeira de Medeiros foi confirmado hoje como o novo secret\u00e1rio da Secretaria do Tesouro Nacional (STN). Ladeira, que j\u00e1 ocupava interinamente o cargo desde 22 de dezembro de 2015, \u00e9 o primeiro secret\u00e1rio efetivo da carreira de finan\u00e7as e controle, criada em 1989. &nbsp; Ladeira tem gradua\u00e7\u00e3o [&hellip;]<\/p>\n","protected":false},"author":27,"featured_media":0,"comment_status":"open","ping_status":"closed","sticky":false,"template":"","format":"standard","meta":{"footnotes":""},"categories":[1],"tags":[808,809,810,806,807,8,593],"class_list":["post-972","post","type-post","status-publish","format-standard","hentry","category-sem-categoria","tag-analista-de-financas-e-controle","tag-docente","tag-ministerio-da-fazenda","tag-otavio-ladeira","tag-secretario","tag-servidor","tag-tesouro-nacional"],"_links":{"self":[{"href":"https:\/\/blogs.correiobraziliense.com.br\/servidor\/wp-json\/wp\/v2\/posts\/972","targetHints":{"allow":["GET"]}}],"collection":[{"href":"https:\/\/blogs.correiobraziliense.com.br\/servidor\/wp-json\/wp\/v2\/posts"}],"about":[{"href":"https:\/\/blogs.correiobraziliense.com.br\/servidor\/wp-json\/wp\/v2\/types\/post"}],"author":[{"embeddable":true,"href":"https:\/\/blogs.correiobraziliense.com.br\/servidor\/wp-json\/wp\/v2\/users\/27"}],"replies":[{"embeddable":true,"href":"https:\/\/blogs.correiobraziliense.com.br\/servidor\/wp-json\/wp\/v2\/comments?post=972"}],"version-history":[{"count":1,"href":"https:\/\/blogs.correiobraziliense.com.br\/servidor\/wp-json\/wp\/v2\/posts\/972\/revisions"}],"predecessor-version":[{"id":973,"href":"https:\/\/blogs.correiobraziliense.com.br\/servidor\/wp-json\/wp\/v2\/posts\/972\/revisions\/973"}],"wp:attachment":[{"href":"https:\/\/blogs.correiobraziliense.com.br\/servidor\/wp-json\/wp\/v2\/media?parent=972"}],"wp:term":[{"taxonomy":"category","embeddable":true,"href":"https:\/\/blogs.correiobraziliense.com.br\/servidor\/wp-json\/wp\/v2\/categories?post=972"},{"taxonomy":"post_tag","embeddable":true,"href":"https:\/\/blogs.correiobraziliense.com.br\/servidor\/wp-json\/wp\/v2\/tags?post=972"}],"curies":[{"name":"wp","href":"https:\/\/api.w.org\/{rel}","templated":true}]}}