{"id":9705,"date":"2018-07-17T14:27:07","date_gmt":"2018-07-17T17:27:07","guid":{"rendered":"https:\/\/blogs.correiobraziliense.com.br\/servidor\/?p=9705"},"modified":"2018-07-17T14:27:07","modified_gmt":"2018-07-17T17:27:07","slug":"abcon-mudancas-no-marco-regulatorio-do-saneamento","status":"publish","type":"post","link":"https:\/\/blogs.correiobraziliense.com.br\/servidor\/abcon-mudancas-no-marco-regulatorio-do-saneamento\/","title":{"rendered":"Abcon &#8211; Mudan\u00e7as no marco regulat\u00f3rio do saneamento"},"content":{"rendered":"<p><em>Associa\u00e7\u00e3o Brasileira das Concession\u00e1rias Privadas (Abcon) garante que as mudan\u00e7as podem garantir investimentos para o bem-estar da popula\u00e7\u00e3o, mas companhias p\u00fablicas reagem. Governo federal quer incentivar investimento da iniciativa privada em setor que deixa de levar tratamento de esgoto a 100 milh\u00f5es de brasileiros.\u00a0 Iniciativa privada garante que investir\u00e1 em pequenos munic\u00edpios, sem aumentar a tarifa<\/em><\/p>\n<p>O setor da infraestrutura que menos recebe aten\u00e7\u00e3o e deixa 100 milh\u00f5es de brasileiros sem tratamento de esgoto precisa urgentemente de investimentos para proporcionar condi\u00e7\u00f5es m\u00ednimas de sa\u00fade para a popula\u00e7\u00e3o. Por meio da Medida Provis\u00f3ria 844, que renova o marco regulat\u00f3rio do saneamento, o Governo federal pretende incentivar a entrada de recursos no setor e reduzir esse d\u00e9ficit.<\/p>\n<p>Entre outros desdobramentos, as mudan\u00e7as ampliam a competitividade ao permitirem que a iniciativa privada possa apresentar propostas quando da renova\u00e7\u00e3o dos contratos de concess\u00e3o firmados entre munic\u00edpios e empresas estaduais. Hoje, essa renova\u00e7\u00e3o acontece automaticamente, sem a chance de que outros players possam sequer manifestar seu interesse, oferecendo condi\u00e7\u00f5es melhores para a gest\u00e3o dos servi\u00e7os, com regras claras de investimentos comprometidos e metas de expans\u00e3o dos servi\u00e7os.<\/p>\n<p>A iniciativa privada, por meio da Associa\u00e7\u00e3o Brasileira das Concession\u00e1rias Privadas (Abcon, entidade das empresas privadas que atuam no saneamento), garante que poder\u00e1 ampliar com rapidez a cobertura dos servi\u00e7os de \u00e1gua e esgoto, mesmo em pequenos munic\u00edpios, contrariando o progn\u00f3stico dos segmentos contr\u00e1rios \u00e0 medida.<\/p>\n<p>A Abcon tamb\u00e9m rebate o argumento de que as tarifas ir\u00e3o subir com a iniciativa privada. Estudos da entidade mostram que as tarifas dos munic\u00edpios em que a iniciativa privada opera s\u00e3o compat\u00edveis ou at\u00e9 menores do que a tarifa das companhias estaduais. As empresas apostam num choque de gest\u00e3o para conseguir a efici\u00eancia que permitir\u00e1 manter as tarifas nos atuais patamares.<\/p>\n<p><strong>Proje\u00e7\u00f5es de economia com sa\u00fade p\u00fablica \u2013 R$ 17,2 bilh\u00f5es por ano<\/strong><\/p>\n<p>Hoje, o faturamento total do setor \u00e9 de R$ 50,97 bilh\u00f5es, segundo dados do SNIS (Sistema Nacional de Informa\u00e7\u00f5es sobre Saneamento). O faturamento estimado das concess\u00f5es privadas gira em torno de R$ 4,7 bilh\u00f5es (9,2% do total).<\/p>\n<p>Se a iniciativa privada atingir 15% do faturamento, de acordo com a Abcon, o investimento atual (R$ 2,64 bilh\u00f5es) da iniciativa privada poder\u00e1 alcan\u00e7ar R$ 4,3 bilh\u00f5es por ano.<\/p>\n<p>&#8220;Como a cada R$ 1 investido em saneamento, economizamos R$ 4 em sa\u00fade, a economia do pa\u00eds com a atua\u00e7\u00e3o da iniciativa privada, apenas nesse quesito, seria de R$ 17,2 bilh\u00f5es por ano&#8221;, contabiliza a Abcon.<\/p>\n","protected":false},"excerpt":{"rendered":"<p>Associa\u00e7\u00e3o Brasileira das Concession\u00e1rias Privadas (Abcon) garante que as mudan\u00e7as podem garantir investimentos para o bem-estar da popula\u00e7\u00e3o, mas companhias p\u00fablicas reagem. Governo federal quer incentivar investimento da iniciativa privada em setor que deixa de levar tratamento de esgoto a 100 milh\u00f5es de brasileiros.\u00a0 Iniciativa privada garante que investir\u00e1 em pequenos munic\u00edpios, sem aumentar a tarifa O setor da infraestrutura [&hellip;]<\/p>\n","protected":false},"author":27,"featured_media":0,"comment_status":"open","ping_status":"closed","sticky":false,"template":"","format":"standard","meta":{"footnotes":""},"categories":[2719],"tags":[12879,2437,4886,88,12880,98,2685,1008,4651,376,944,8064,545,1295,1633,3516,616,8263,2247],"class_list":["post-9705","post","type-post","status-publish","format-standard","hentry","category-servidor","tag-abcon","tag-aumentar","tag-companhias","tag-economia","tag-esgoto","tag-governo","tag-iniciativa","tag-investimentos","tag-marco-regulatorio","tag-mudancas","tag-municipios","tag-pequenos","tag-populacao","tag-privada","tag-publicas","tag-saneamento","tag-saude","tag-tarifa","tag-tratamento"],"_links":{"self":[{"href":"https:\/\/blogs.correiobraziliense.com.br\/servidor\/wp-json\/wp\/v2\/posts\/9705","targetHints":{"allow":["GET"]}}],"collection":[{"href":"https:\/\/blogs.correiobraziliense.com.br\/servidor\/wp-json\/wp\/v2\/posts"}],"about":[{"href":"https:\/\/blogs.correiobraziliense.com.br\/servidor\/wp-json\/wp\/v2\/types\/post"}],"author":[{"embeddable":true,"href":"https:\/\/blogs.correiobraziliense.com.br\/servidor\/wp-json\/wp\/v2\/users\/27"}],"replies":[{"embeddable":true,"href":"https:\/\/blogs.correiobraziliense.com.br\/servidor\/wp-json\/wp\/v2\/comments?post=9705"}],"version-history":[{"count":1,"href":"https:\/\/blogs.correiobraziliense.com.br\/servidor\/wp-json\/wp\/v2\/posts\/9705\/revisions"}],"predecessor-version":[{"id":9706,"href":"https:\/\/blogs.correiobraziliense.com.br\/servidor\/wp-json\/wp\/v2\/posts\/9705\/revisions\/9706"}],"wp:attachment":[{"href":"https:\/\/blogs.correiobraziliense.com.br\/servidor\/wp-json\/wp\/v2\/media?parent=9705"}],"wp:term":[{"taxonomy":"category","embeddable":true,"href":"https:\/\/blogs.correiobraziliense.com.br\/servidor\/wp-json\/wp\/v2\/categories?post=9705"},{"taxonomy":"post_tag","embeddable":true,"href":"https:\/\/blogs.correiobraziliense.com.br\/servidor\/wp-json\/wp\/v2\/tags?post=9705"}],"curies":[{"name":"wp","href":"https:\/\/api.w.org\/{rel}","templated":true}]}}