{"id":9703,"date":"2018-07-17T12:39:18","date_gmt":"2018-07-17T15:39:18","guid":{"rendered":"https:\/\/blogs.correiobraziliense.com.br\/servidor\/?p=9703"},"modified":"2018-07-17T12:39:18","modified_gmt":"2018-07-17T15:39:18","slug":"cade-busca-e-apreensao-em-investigacao-de-cartel-em-licitacoes","status":"publish","type":"post","link":"https:\/\/blogs.correiobraziliense.com.br\/servidor\/cade-busca-e-apreensao-em-investigacao-de-cartel-em-licitacoes\/","title":{"rendered":"Cade &#8211; busca e apreens\u00e3o em investiga\u00e7\u00e3o de cartel em licita\u00e7\u00f5es"},"content":{"rendered":"<p><i>Mandados est\u00e3o sendo cumpridos nesta <span id=\"OBJ_PREFIX_DWT1140_com_zimbra_date\" class=\"Object\"><span id=\"OBJ_PREFIX_DWT1142_com_zimbra_date\" class=\"Object\">ter<\/span><\/span>\u00e7a-feira (17\/07) no Esp\u00edrito Santo. Al\u00e9m de infra\u00e7\u00e3o administrativa, a pr\u00e1tica de cartel tamb\u00e9m configura crime<br \/>\n<\/i><\/p>\n<p>Come\u00e7ou hoje (17\/07) a Opera\u00e7\u00e3o Nexus, que investiga poss\u00edvel crime de forma\u00e7\u00e3o de cartel em licita\u00e7\u00f5es por \u00f3rg\u00e3os estaduais capixabas, para contrata\u00e7\u00e3o de servi\u00e7os de pavimenta\u00e7\u00e3o asf\u00e1ltica.<\/p>\n<p>A dilig\u00eancia \u00e9 fruto de investiga\u00e7\u00e3o do Minist\u00e9rio P\u00fablico do Estado do Esp\u00edrito Santo (Gaeco\/MP-ES), com a colabora\u00e7\u00e3o do Conselho Administrativo de Defesa Econ\u00f4mica (Cade).<\/p>\n<p>As licita\u00e7\u00f5es teriam sido realizadas pela Secretaria de Agricultura, Abastecimento, Aquicultura e Pesca do Estado (SEAG\/ES) entre, pelo menos, 2008 e a presente data. A pr\u00e1tica anticompetitiva se deu, principalmente, por meio de acordos de fixa\u00e7\u00e3o de pre\u00e7os, divis\u00e3o de clientes e apresenta\u00e7\u00e3o de propostas de cobertura e supress\u00e3o de propostas.<\/p>\n<p>Participaram da opera\u00e7\u00e3o 12 servidores do Cade e aproximadamente 20 integrantes\u00a0do MPE-ES.<\/p>\n<p><strong>Cart\u00e9is<\/strong><br \/>\nSegundo a Organiza\u00e7\u00e3o para a Coopera\u00e7\u00e3o e o Desenvolvimento Econ\u00f4mico (OCDE), os cart\u00e9is geram um sobrepre\u00e7o estimado entre 10% e 20% comparado ao pre\u00e7o em um mercado competitivo, causando expressivas perdas anuais ao Estado e aos consumidores.<\/p>\n<p>Al\u00e9m de infra\u00e7\u00e3o administrativa, a pr\u00e1tica de cartel tamb\u00e9m configura crime.<\/p>\n","protected":false},"excerpt":{"rendered":"<p>Mandados est\u00e3o sendo cumpridos nesta ter\u00e7a-feira (17\/07) no Esp\u00edrito Santo. Al\u00e9m de infra\u00e7\u00e3o administrativa, a pr\u00e1tica de cartel tamb\u00e9m configura crime Come\u00e7ou hoje (17\/07) a Opera\u00e7\u00e3o Nexus, que investiga poss\u00edvel crime de forma\u00e7\u00e3o de cartel em licita\u00e7\u00f5es por \u00f3rg\u00e3os estaduais capixabas, para contrata\u00e7\u00e3o de servi\u00e7os de pavimenta\u00e7\u00e3o asf\u00e1ltica. A dilig\u00eancia \u00e9 fruto de investiga\u00e7\u00e3o do Minist\u00e9rio P\u00fablico do Estado do [&hellip;]<\/p>\n","protected":false},"author":27,"featured_media":0,"comment_status":"open","ping_status":"closed","sticky":false,"template":"","format":"standard","meta":{"footnotes":""},"categories":[2719],"tags":[1026,1025,954,3818,12877,722,137,12878,12876,3911,922],"class_list":["post-9703","post","type-post","status-publish","format-standard","hentry","category-servidor","tag-apreensao","tag-busca","tag-cade","tag-cartel","tag-esfalfica","tag-investigacao","tag-licitacoes","tag-mp-es","tag-pavimentacao","tag-precos","tag-propostas"],"_links":{"self":[{"href":"https:\/\/blogs.correiobraziliense.com.br\/servidor\/wp-json\/wp\/v2\/posts\/9703","targetHints":{"allow":["GET"]}}],"collection":[{"href":"https:\/\/blogs.correiobraziliense.com.br\/servidor\/wp-json\/wp\/v2\/posts"}],"about":[{"href":"https:\/\/blogs.correiobraziliense.com.br\/servidor\/wp-json\/wp\/v2\/types\/post"}],"author":[{"embeddable":true,"href":"https:\/\/blogs.correiobraziliense.com.br\/servidor\/wp-json\/wp\/v2\/users\/27"}],"replies":[{"embeddable":true,"href":"https:\/\/blogs.correiobraziliense.com.br\/servidor\/wp-json\/wp\/v2\/comments?post=9703"}],"version-history":[{"count":1,"href":"https:\/\/blogs.correiobraziliense.com.br\/servidor\/wp-json\/wp\/v2\/posts\/9703\/revisions"}],"predecessor-version":[{"id":9704,"href":"https:\/\/blogs.correiobraziliense.com.br\/servidor\/wp-json\/wp\/v2\/posts\/9703\/revisions\/9704"}],"wp:attachment":[{"href":"https:\/\/blogs.correiobraziliense.com.br\/servidor\/wp-json\/wp\/v2\/media?parent=9703"}],"wp:term":[{"taxonomy":"category","embeddable":true,"href":"https:\/\/blogs.correiobraziliense.com.br\/servidor\/wp-json\/wp\/v2\/categories?post=9703"},{"taxonomy":"post_tag","embeddable":true,"href":"https:\/\/blogs.correiobraziliense.com.br\/servidor\/wp-json\/wp\/v2\/tags?post=9703"}],"curies":[{"name":"wp","href":"https:\/\/api.w.org\/{rel}","templated":true}]}}