{"id":9676,"date":"2018-07-14T16:02:02","date_gmt":"2018-07-14T19:02:02","guid":{"rendered":"https:\/\/blogs.correiobraziliense.com.br\/servidor\/?p=9676"},"modified":"2018-07-14T16:02:02","modified_gmt":"2018-07-14T19:02:02","slug":"centrais-sindicais-fazem-dia-do-basta-em-10-de-agosto","status":"publish","type":"post","link":"https:\/\/blogs.correiobraziliense.com.br\/servidor\/centrais-sindicais-fazem-dia-do-basta-em-10-de-agosto\/","title":{"rendered":"Centrais sindicais fazem \u201cDia do Basta\u201d em 10 de agosto"},"content":{"rendered":"<p><em>O ato, \u00a0contra o desemprego e a reforma trabalhista, \u00e9 organizado pelas centrais sindicais For\u00e7a Sindical, CUT, UGT, CTB, CSB, Intersindical, Nova Central, CSP\/Conlutas e CGTB<\/em><\/p>\n<p><span id=\"MainContent_lblNoticia\">Outras lutas e reivindica\u00e7\u00f5es fazem parte da agenda nesse dia, dentre elas est\u00e3o criar pol\u00edticas, programas e a\u00e7\u00f5es imediatas para enfrentar a falta de emprego e o subemprego crescentes, revogar a Emenda Constitucional 95\/2016, que congela os investimentos p\u00fablicos por 20 anos, renovar a pol\u00edtica de valoriza\u00e7\u00e3o do sal\u00e1rio m\u00ednimo, revogar pontos negativos da reforma trabalhista e da terceiriza\u00e7\u00e3o, que precarizam os contratos e condi\u00e7\u00f5es de trabalho e assegurar o direito e o acesso ao Sistema P\u00fablico de Seguridade e Previd\u00eancia Social.<\/span><\/p>\n<p>\u201cN\u00e3o \u00e9 poss\u00edvel conviver com um desemprego que atinge mais de 13 milh\u00f5es de pessoas, muitas no desalento, sem esperan\u00e7a de uma mudan\u00e7a positiva no pa\u00eds, com empresas fechando e cada vez mais trabalhadores ficando sem seus direitos, al\u00e9m de uma lei (reforma) trabalhista selvagem e desumana\u201d, afirma Miguel Torres, presidente interino da For\u00e7a Sindical.<\/p>\n<p>Em 2016, o n\u00famero de subocupados no pa\u00eds era de 4,8 milh\u00f5es de trabalhadores. Em 2018\u00a0esse n\u00famero ultrapassa a casa dos 26 milh\u00f5es de pessoas.<\/p>\n<p>Jo\u00e3o Carlos Gon\u00e7alves, o Juruna, secret\u00e1rio-geral da For\u00e7a, disse que \u00e9 importante mobilizar e parar. \u201cO pa\u00eds precisa gerar empregos e esta luta envolve toda a sociedade civil. O \u2018Dia de Luta\u2019 ser\u00e1 o \u2018Dia do Basta\u2019, da classe trabalhadora e da sociedade\u201d, afirma.<\/p>\n<p>\u201cVamos unir for\u00e7as e demonstrar toda a capacidade de organiza\u00e7\u00e3o do movimento sindical\u201d, disse S\u00e9rgio Nobre, secret\u00e1rio-geral da CUT.<\/p>\n<p>\u201cDiante do atual momento em que os trabalhadores t\u00eam seus direitos amea\u00e7ados, a unidade das centrais \u00e9 muito importante\u201d, destacou\u00a0Luiz Gon\u00e7alves (Luizinho), presidente da Nova Central\/SP.<\/p>\n","protected":false},"excerpt":{"rendered":"<p>O ato, \u00a0contra o desemprego e a reforma trabalhista, \u00e9 organizado pelas centrais sindicais For\u00e7a Sindical, CUT, UGT, CTB, CSB, Intersindical, Nova Central, CSP\/Conlutas e CGTB Outras lutas e reivindica\u00e7\u00f5es fazem parte da agenda nesse dia, dentre elas est\u00e3o criar pol\u00edticas, programas e a\u00e7\u00f5es imediatas para enfrentar a falta de emprego e o subemprego crescentes, revogar a Emenda Constitucional 95\/2016, [&hellip;]<\/p>\n","protected":false},"author":27,"featured_media":0,"comment_status":"open","ping_status":"closed","sticky":false,"template":"","format":"standard","meta":{"footnotes":""},"categories":[2719],"tags":[2826,1259,250,2293,12859,6145,197,1008,549,9253,4634,1260,1251],"class_list":["post-9676","post","type-post","status-publish","format-standard","hentry","category-servidor","tag-agosto","tag-centrais","tag-contratos","tag-desemprego","tag-dia-do-basta","tag-ec-952016","tag-emprego","tag-investimentos","tag-previdencia","tag-reforma-trabalhista","tag-seguridade","tag-sindicais","tag-terceirizacao"],"_links":{"self":[{"href":"https:\/\/blogs.correiobraziliense.com.br\/servidor\/wp-json\/wp\/v2\/posts\/9676","targetHints":{"allow":["GET"]}}],"collection":[{"href":"https:\/\/blogs.correiobraziliense.com.br\/servidor\/wp-json\/wp\/v2\/posts"}],"about":[{"href":"https:\/\/blogs.correiobraziliense.com.br\/servidor\/wp-json\/wp\/v2\/types\/post"}],"author":[{"embeddable":true,"href":"https:\/\/blogs.correiobraziliense.com.br\/servidor\/wp-json\/wp\/v2\/users\/27"}],"replies":[{"embeddable":true,"href":"https:\/\/blogs.correiobraziliense.com.br\/servidor\/wp-json\/wp\/v2\/comments?post=9676"}],"version-history":[{"count":1,"href":"https:\/\/blogs.correiobraziliense.com.br\/servidor\/wp-json\/wp\/v2\/posts\/9676\/revisions"}],"predecessor-version":[{"id":9677,"href":"https:\/\/blogs.correiobraziliense.com.br\/servidor\/wp-json\/wp\/v2\/posts\/9676\/revisions\/9677"}],"wp:attachment":[{"href":"https:\/\/blogs.correiobraziliense.com.br\/servidor\/wp-json\/wp\/v2\/media?parent=9676"}],"wp:term":[{"taxonomy":"category","embeddable":true,"href":"https:\/\/blogs.correiobraziliense.com.br\/servidor\/wp-json\/wp\/v2\/categories?post=9676"},{"taxonomy":"post_tag","embeddable":true,"href":"https:\/\/blogs.correiobraziliense.com.br\/servidor\/wp-json\/wp\/v2\/tags?post=9676"}],"curies":[{"name":"wp","href":"https:\/\/api.w.org\/{rel}","templated":true}]}}