{"id":9652,"date":"2018-07-12T18:50:31","date_gmt":"2018-07-12T21:50:31","guid":{"rendered":"https:\/\/blogs.correiobraziliense.com.br\/servidor\/?p=9652"},"modified":"2018-07-12T18:50:31","modified_gmt":"2018-07-12T21:50:31","slug":"carreirao-reivindica-reajuste-de-25-com-reposicao-inflacionaria","status":"publish","type":"post","link":"https:\/\/blogs.correiobraziliense.com.br\/servidor\/carreirao-reivindica-reajuste-de-25-com-reposicao-inflacionaria\/","title":{"rendered":"Carreir\u00e3o reivindica reajuste de 25%, com reposi\u00e7\u00e3o inflacion\u00e1ria"},"content":{"rendered":"<p><em>O servi\u00e7o p\u00fablico federal, at\u00e9 o final de 2017, tinha 755 mil servidores ativos, na administra\u00e7\u00e3o direta e indireta, empresas p\u00fablicas e autarquias, segundo dados do do Departamento Intersindical de Estat\u00edsticas e Estudos Socioecon\u00f4micos (Dieese). Cerca de 80% desse pessoal pertence ao \u201ccarreir\u00e3o\u201d &#8211; fun\u00e7\u00f5es de apoio \u00e0s atividades de Estado. A Confedera\u00e7\u00e3o Nacional dos Trabalhadores do Servi\u00e7o P\u00fablico Federal (Condsef) \u00e9 a entidade que representa essa m\u00e3o de obra.<\/em><\/p>\n<p>https:\/\/www.facebook.com\/correiobraziliense\/videos\/1925549777491343\/<\/p>\n","protected":false},"excerpt":{"rendered":"<p>O servi\u00e7o p\u00fablico federal, at\u00e9 o final de 2017, tinha 755 mil servidores ativos, na administra\u00e7\u00e3o direta e indireta, empresas p\u00fablicas e autarquias, segundo dados do do Departamento Intersindical de Estat\u00edsticas e Estudos Socioecon\u00f4micos (Dieese). Cerca de 80% desse pessoal pertence ao \u201ccarreir\u00e3o\u201d &#8211; fun\u00e7\u00f5es de apoio \u00e0s atividades de Estado. A Confedera\u00e7\u00e3o Nacional dos Trabalhadores do Servi\u00e7o P\u00fablico Federal [&hellip;]<\/p>\n","protected":false},"author":27,"featured_media":0,"comment_status":"open","ping_status":"closed","sticky":false,"template":"","format":"standard","meta":{"footnotes":""},"categories":[2719],"tags":[1615,1486,2026,1164,4064,63,882],"class_list":["post-9652","post","type-post","status-publish","format-standard","hentry","category-servidor","tag-carreirao","tag-condsef","tag-dieese","tag-funcionalismo","tag-inflacionaria","tag-reajuste","tag-reposicao"],"_links":{"self":[{"href":"https:\/\/blogs.correiobraziliense.com.br\/servidor\/wp-json\/wp\/v2\/posts\/9652","targetHints":{"allow":["GET"]}}],"collection":[{"href":"https:\/\/blogs.correiobraziliense.com.br\/servidor\/wp-json\/wp\/v2\/posts"}],"about":[{"href":"https:\/\/blogs.correiobraziliense.com.br\/servidor\/wp-json\/wp\/v2\/types\/post"}],"author":[{"embeddable":true,"href":"https:\/\/blogs.correiobraziliense.com.br\/servidor\/wp-json\/wp\/v2\/users\/27"}],"replies":[{"embeddable":true,"href":"https:\/\/blogs.correiobraziliense.com.br\/servidor\/wp-json\/wp\/v2\/comments?post=9652"}],"version-history":[{"count":1,"href":"https:\/\/blogs.correiobraziliense.com.br\/servidor\/wp-json\/wp\/v2\/posts\/9652\/revisions"}],"predecessor-version":[{"id":9653,"href":"https:\/\/blogs.correiobraziliense.com.br\/servidor\/wp-json\/wp\/v2\/posts\/9652\/revisions\/9653"}],"wp:attachment":[{"href":"https:\/\/blogs.correiobraziliense.com.br\/servidor\/wp-json\/wp\/v2\/media?parent=9652"}],"wp:term":[{"taxonomy":"category","embeddable":true,"href":"https:\/\/blogs.correiobraziliense.com.br\/servidor\/wp-json\/wp\/v2\/categories?post=9652"},{"taxonomy":"post_tag","embeddable":true,"href":"https:\/\/blogs.correiobraziliense.com.br\/servidor\/wp-json\/wp\/v2\/tags?post=9652"}],"curies":[{"name":"wp","href":"https:\/\/api.w.org\/{rel}","templated":true}]}}