{"id":964,"date":"2016-02-11T18:09:13","date_gmt":"2016-02-11T20:09:13","guid":{"rendered":"https:\/\/blogs.correiobraziliense.com.br\/servidor\/?p=964"},"modified":"2016-02-11T18:09:13","modified_gmt":"2016-02-11T20:09:13","slug":"forum-vai-debater-crescimento-do-pais-e-definir-cronograma-da-previdencia","status":"publish","type":"post","link":"https:\/\/blogs.correiobraziliense.com.br\/servidor\/forum-vai-debater-crescimento-do-pais-e-definir-cronograma-da-previdencia\/","title":{"rendered":"F\u00d3RUM VAI DEBATER CRESCIMENTO DO PA\u00cdS E DEFINIR CRONOGRAMA DA PREVID\u00caNCIA"},"content":{"rendered":"<p>O Minist\u00e9rio do Trabalho e Previd\u00eancia Social informou que o ministro Miguel Rossetto declarou, nesta quinta-feira (11\/02), que a principal pauta da pr\u00f3xima reuni\u00e3o do F\u00f3rum de Debates sobre Pol\u00edticas de Emprego, Trabalho e Renda e de Previd\u00eancia Social, marcada para quarta-feira (17\/02), \u00e9 o plano de recupera\u00e7\u00e3o de crescimento para o pa\u00eds. O tema foi um compromisso assumido pelo governo ap\u00f3s a presidente Dilma Rousseff receber de representa\u00e7\u00f5es sindicais e patronais o documento Compromisso pelo Desenvolvimento.<\/p>\n<p>&nbsp;<\/p>\n<p>\u201cNesse encontro vamos tamb\u00e9m definir o cronograma de discuss\u00f5es sobre a Previd\u00eancia, em comum acordo com sindicalistas e empres\u00e1rios\u201d, adiantou o ministro. Rossetto afirmou que o governo ainda n\u00e3o tem uma proposta consolidada, mas estudos e reflex\u00f5es. \u201cExistem v\u00e1rias alternativas. Vamos tratar esse assunto com a responsabilidade e com a amplitude social que ele exige. Nossa meta \u00e9 consolidar uma Previd\u00eancia que seja justa e sustent\u00e1vel\u201d, disse.<\/p>\n","protected":false},"excerpt":{"rendered":"<p>O Minist\u00e9rio do Trabalho e Previd\u00eancia Social informou que o ministro Miguel Rossetto declarou, nesta quinta-feira (11\/02), que a principal pauta da pr\u00f3xima reuni\u00e3o do F\u00f3rum de Debates sobre Pol\u00edticas de Emprego, Trabalho e Renda e de Previd\u00eancia Social, marcada para quarta-feira (17\/02), \u00e9 o plano de recupera\u00e7\u00e3o de crescimento para o pa\u00eds. O tema foi um compromisso assumido pelo [&hellip;]<\/p>\n","protected":false},"author":27,"featured_media":0,"comment_status":"open","ping_status":"closed","sticky":false,"template":"","format":"standard","meta":{"footnotes":""},"categories":[1],"tags":[795,797,794,796,501,798,198,17,549],"class_list":["post-964","post","type-post","status-publish","format-standard","hentry","category-sem-categoria","tag-crescimento","tag-cronograma","tag-debater","tag-definir","tag-forum","tag-miguel-rossetto","tag-pais","tag-pauta","tag-previdencia"],"_links":{"self":[{"href":"https:\/\/blogs.correiobraziliense.com.br\/servidor\/wp-json\/wp\/v2\/posts\/964","targetHints":{"allow":["GET"]}}],"collection":[{"href":"https:\/\/blogs.correiobraziliense.com.br\/servidor\/wp-json\/wp\/v2\/posts"}],"about":[{"href":"https:\/\/blogs.correiobraziliense.com.br\/servidor\/wp-json\/wp\/v2\/types\/post"}],"author":[{"embeddable":true,"href":"https:\/\/blogs.correiobraziliense.com.br\/servidor\/wp-json\/wp\/v2\/users\/27"}],"replies":[{"embeddable":true,"href":"https:\/\/blogs.correiobraziliense.com.br\/servidor\/wp-json\/wp\/v2\/comments?post=964"}],"version-history":[{"count":1,"href":"https:\/\/blogs.correiobraziliense.com.br\/servidor\/wp-json\/wp\/v2\/posts\/964\/revisions"}],"predecessor-version":[{"id":965,"href":"https:\/\/blogs.correiobraziliense.com.br\/servidor\/wp-json\/wp\/v2\/posts\/964\/revisions\/965"}],"wp:attachment":[{"href":"https:\/\/blogs.correiobraziliense.com.br\/servidor\/wp-json\/wp\/v2\/media?parent=964"}],"wp:term":[{"taxonomy":"category","embeddable":true,"href":"https:\/\/blogs.correiobraziliense.com.br\/servidor\/wp-json\/wp\/v2\/categories?post=964"},{"taxonomy":"post_tag","embeddable":true,"href":"https:\/\/blogs.correiobraziliense.com.br\/servidor\/wp-json\/wp\/v2\/tags?post=964"}],"curies":[{"name":"wp","href":"https:\/\/api.w.org\/{rel}","templated":true}]}}