{"id":9627,"date":"2018-07-11T12:25:39","date_gmt":"2018-07-11T15:25:39","guid":{"rendered":"https:\/\/blogs.correiobraziliense.com.br\/servidor\/?p=9627"},"modified":"2018-07-11T12:25:39","modified_gmt":"2018-07-11T15:25:39","slug":"servidores-protestam-em-frente-camara-contra-proposta-de-ldo-2019","status":"publish","type":"post","link":"https:\/\/blogs.correiobraziliense.com.br\/servidor\/servidores-protestam-em-frente-camara-contra-proposta-de-ldo-2019\/","title":{"rendered":"Servidores protestam em frente \u00e0 C\u00e2mara contra proposta de LDO 2019"},"content":{"rendered":"<p>Cerca de 100 servidores p\u00fablicos das tr\u00eas esferas e dos Tr\u00eas Poderes, em conjunto com centrais sindicais, fazem, desde as 9 horas, um protesto em frente ao Anexo II da C\u00e2mara dos Deputados, pela rejei\u00e7\u00e3o do parecer do relator do projeto de Lei de Diretrizes Or\u00e7ament\u00e1rias (LDO), senador Dal\u00edrio Beber (PSDB-SC), que restringe novos incentivos fiscais, pro\u00edbe reajustes para servidores p\u00fablicos e cria\u00e7\u00e3o de novos cargos em 2019. \u201c\u00c9 uma arma\u00e7\u00e3o para os eleitos em 2019, que ter\u00e3o que conviver com as consequ\u00eancias da Emenda Constitucional 95 (que estabeleceu o teto dos gastos e congelou investimentos por 20 anos) e com mais essa regra da LDO. Vivemos um momento em que n\u00e3o se sabe sequer quem ser\u00e1 o pr\u00f3ximo presidente da Rep\u00fablica. Isso \u00e9 muito perigoso para o servi\u00e7o p\u00fablico\u201d, destacou Rudinei Marques, presidente do F\u00f3rum Nacional das Carreiras de Estado (Fonacate).<\/p>\n<p>De acordo com o deputado Alessandro Molon (Rede\/RJ), que apoia a iniciativa dos manifestantes, o atual governo colocou o pa\u00eds em uma armadilha. \u201cCriou um teto de gastos irreal, incompat\u00edvel com o crescimento e com o envelhecimento da popula\u00e7\u00e3o brasileira, que v\u00e3o exigir mais gastos em sa\u00fade, educa\u00e7\u00e3o e seguran\u00e7a\u201d. Segundo ele, a falta de recursos para atender as necessidades b\u00e1sicas da sociedade e \u00e0s reivindica\u00e7\u00f5es dos servidores \u00e9 uma realidade porque a atual gest\u00e3o n\u00e3o fez o dever de casa. \u201cO dinheiro sairia do crescimento da economia que o governo n\u00e3o entregou, por isso \u00e9 fundamental um novo governo para o pa\u00eds. Hoje, a base tem vergonha do governo que defende. Est\u00e1 um clima de fim de festa. O governo j\u00e1 acabou\u201d.<\/p>\n<p>Em nota de protesto, 62 entidades de todo o pa\u00eds, que representam ativos e aposentados do servi\u00e7o p\u00fablico, estadual, municipal e federal, afirmam que o resultado das restri\u00e7\u00f5es propostas na LDO ser\u00e1 o sucateamento dos \u00f3rg\u00e3os e o abandono do contribuinte. \u201cTudo isso poder\u00e1 acontecer se o relat\u00f3rio da Lei de Diretrizes Or\u00e7ament\u00e1rias (LDO) de 2019 for aprovado da forma como est\u00e1, com o corte de 10% das verbas de custeio para o funcionamento dos \u00f3rg\u00e3os p\u00fablicos. O relat\u00f3rio da LDO 2019 representa a inviabiliza\u00e7\u00e3o completa de servi\u00e7os que j\u00e1 t\u00eam muitos problemas. Na pr\u00e1tica, s\u00f3 quem tem uma situa\u00e7\u00e3o financeira confort\u00e1vel poder\u00e1 ter acesso a servi\u00e7os de qualidade, pagando para isso\u201d, denunciaram.<\/p>\n","protected":false},"excerpt":{"rendered":"<p>Cerca de 100 servidores p\u00fablicos das tr\u00eas esferas e dos Tr\u00eas Poderes, em conjunto com centrais sindicais, fazem, desde as 9 horas, um protesto em frente ao Anexo II da C\u00e2mara dos Deputados, pela rejei\u00e7\u00e3o do parecer do relator do projeto de Lei de Diretrizes Or\u00e7ament\u00e1rias (LDO), senador Dal\u00edrio Beber (PSDB-SC), que restringe novos incentivos fiscais, pro\u00edbe reajustes para servidores [&hellip;]<\/p>\n","protected":false},"author":27,"featured_media":0,"comment_status":"open","ping_status":"closed","sticky":false,"template":"","format":"standard","meta":{"footnotes":""},"categories":[2719],"tags":[61,791,1259,7716,4397,12835,12834,1069,2222,690,361,3169,4031,58],"class_list":["post-9627","post","type-post","status-publish","format-standard","hentry","category-servidor","tag-camara","tag-cargos","tag-centrais","tag-ec-95","tag-eleitos","tag-incentivos-fiscais","tag-ldo-2019","tag-parecer","tag-protestam","tag-reajustes","tag-regra","tag-relator","tag-relatorio","tag-servidores"],"_links":{"self":[{"href":"https:\/\/blogs.correiobraziliense.com.br\/servidor\/wp-json\/wp\/v2\/posts\/9627","targetHints":{"allow":["GET"]}}],"collection":[{"href":"https:\/\/blogs.correiobraziliense.com.br\/servidor\/wp-json\/wp\/v2\/posts"}],"about":[{"href":"https:\/\/blogs.correiobraziliense.com.br\/servidor\/wp-json\/wp\/v2\/types\/post"}],"author":[{"embeddable":true,"href":"https:\/\/blogs.correiobraziliense.com.br\/servidor\/wp-json\/wp\/v2\/users\/27"}],"replies":[{"embeddable":true,"href":"https:\/\/blogs.correiobraziliense.com.br\/servidor\/wp-json\/wp\/v2\/comments?post=9627"}],"version-history":[{"count":1,"href":"https:\/\/blogs.correiobraziliense.com.br\/servidor\/wp-json\/wp\/v2\/posts\/9627\/revisions"}],"predecessor-version":[{"id":9628,"href":"https:\/\/blogs.correiobraziliense.com.br\/servidor\/wp-json\/wp\/v2\/posts\/9627\/revisions\/9628"}],"wp:attachment":[{"href":"https:\/\/blogs.correiobraziliense.com.br\/servidor\/wp-json\/wp\/v2\/media?parent=9627"}],"wp:term":[{"taxonomy":"category","embeddable":true,"href":"https:\/\/blogs.correiobraziliense.com.br\/servidor\/wp-json\/wp\/v2\/categories?post=9627"},{"taxonomy":"post_tag","embeddable":true,"href":"https:\/\/blogs.correiobraziliense.com.br\/servidor\/wp-json\/wp\/v2\/tags?post=9627"}],"curies":[{"name":"wp","href":"https:\/\/api.w.org\/{rel}","templated":true}]}}