{"id":9620,"date":"2018-07-10T20:07:19","date_gmt":"2018-07-10T23:07:19","guid":{"rendered":"https:\/\/blogs.correiobraziliense.com.br\/servidor\/?p=9620"},"modified":"2018-07-10T20:07:19","modified_gmt":"2018-07-10T23:07:19","slug":"presidenciaveis-participam-da-comissao-especial-da-reforma-tributaria","status":"publish","type":"post","link":"https:\/\/blogs.correiobraziliense.com.br\/servidor\/presidenciaveis-participam-da-comissao-especial-da-reforma-tributaria\/","title":{"rendered":"Presidenci\u00e1veis participam da comiss\u00e3o especial da reforma tribut\u00e1ria"},"content":{"rendered":"<p><em>Audi\u00eancia, marcada para \u00e0s 14h30, pretende ouvir propostas dos pr\u00e9-candidatos sobre tributa\u00e7\u00e3o e coloc\u00e1-los a par dos trabalhos<\/em><\/p>\n<div>A Comiss\u00e3o Especial da C\u00e2mara dos Deputados respons\u00e1vel por emitir parecer \u00e0 Proposta de Emenda \u00e0 Constitui\u00e7\u00e3o que altera o sistema tribut\u00e1rio brasileiro (PEC 293\/04) recebe, nesta quarta-feira (11\/7), no plen\u00e1rio 11 das comiss\u00f5es, pr\u00e9-candidatos \u00e0 Presid\u00eancia da Rep\u00fablica. A ideia \u00e9 ouvir as propostas dos presidenci\u00e1veis sobre tributa\u00e7\u00e3o e coloc\u00e1-los a par dos trabalhos da comiss\u00e3o. A audi\u00eancia, presidida pelo deputado e procurador parlamentar da C\u00e2mara, Hildo Rocha (MDB\/MA), est\u00e1 marcada para \u00e0s 14h30.<\/div>\n<div><\/div>\n<div>\u201cNossa inten\u00e7\u00e3o \u00e9 expor aos pr\u00e9-candidatos o esbo\u00e7o do relat\u00f3rio, que prev\u00ea a cria\u00e7\u00e3o de um novo sistema tribut\u00e1rio, mais simplificado e menos oneroso aos mais pobres. Tamb\u00e9m queremos sensibiliz\u00e1-los para a import\u00e2ncia da pauta para que o pr\u00f3ximo presidente da Rep\u00fablica esteja comprometido com o tema. Al\u00e9m, claro, de ouvir as propostas de cada um para o assunto\u201d, pontua Hildo Rocha.<\/div>\n","protected":false},"excerpt":{"rendered":"<p>Audi\u00eancia, marcada para \u00e0s 14h30, pretende ouvir propostas dos pr\u00e9-candidatos sobre tributa\u00e7\u00e3o e coloc\u00e1-los a par dos trabalhos A Comiss\u00e3o Especial da C\u00e2mara dos Deputados respons\u00e1vel por emitir parecer \u00e0 Proposta de Emenda \u00e0 Constitui\u00e7\u00e3o que altera o sistema tribut\u00e1rio brasileiro (PEC 293\/04) recebe, nesta quarta-feira (11\/7), no plen\u00e1rio 11 das comiss\u00f5es, pr\u00e9-candidatos \u00e0 Presid\u00eancia da Rep\u00fablica. A ideia \u00e9 [&hellip;]<\/p>\n","protected":false},"author":27,"featured_media":0,"comment_status":"open","ping_status":"closed","sticky":false,"template":"","format":"standard","meta":{"footnotes":""},"categories":[2719],"tags":[192,1531,4148,12830,12810,12193,4031,2769],"class_list":["post-9620","post","type-post","status-publish","format-standard","hentry","category-servidor","tag-audiencia","tag-camara-dos-deputados","tag-comissao-especial","tag-pec-29304","tag-presidenciaveis","tag-reforma-tributaria","tag-relatorio","tag-tributacao"],"_links":{"self":[{"href":"https:\/\/blogs.correiobraziliense.com.br\/servidor\/wp-json\/wp\/v2\/posts\/9620","targetHints":{"allow":["GET"]}}],"collection":[{"href":"https:\/\/blogs.correiobraziliense.com.br\/servidor\/wp-json\/wp\/v2\/posts"}],"about":[{"href":"https:\/\/blogs.correiobraziliense.com.br\/servidor\/wp-json\/wp\/v2\/types\/post"}],"author":[{"embeddable":true,"href":"https:\/\/blogs.correiobraziliense.com.br\/servidor\/wp-json\/wp\/v2\/users\/27"}],"replies":[{"embeddable":true,"href":"https:\/\/blogs.correiobraziliense.com.br\/servidor\/wp-json\/wp\/v2\/comments?post=9620"}],"version-history":[{"count":1,"href":"https:\/\/blogs.correiobraziliense.com.br\/servidor\/wp-json\/wp\/v2\/posts\/9620\/revisions"}],"predecessor-version":[{"id":9621,"href":"https:\/\/blogs.correiobraziliense.com.br\/servidor\/wp-json\/wp\/v2\/posts\/9620\/revisions\/9621"}],"wp:attachment":[{"href":"https:\/\/blogs.correiobraziliense.com.br\/servidor\/wp-json\/wp\/v2\/media?parent=9620"}],"wp:term":[{"taxonomy":"category","embeddable":true,"href":"https:\/\/blogs.correiobraziliense.com.br\/servidor\/wp-json\/wp\/v2\/categories?post=9620"},{"taxonomy":"post_tag","embeddable":true,"href":"https:\/\/blogs.correiobraziliense.com.br\/servidor\/wp-json\/wp\/v2\/tags?post=9620"}],"curies":[{"name":"wp","href":"https:\/\/api.w.org\/{rel}","templated":true}]}}