{"id":9614,"date":"2018-07-09T19:19:21","date_gmt":"2018-07-09T22:19:21","guid":{"rendered":"https:\/\/blogs.correiobraziliense.com.br\/servidor\/?p=9614"},"modified":"2018-07-09T19:19:21","modified_gmt":"2018-07-09T22:19:21","slug":"fgv-palestra-previdencia-complementar-do-servidor-publico-migrar-ou-nao","status":"publish","type":"post","link":"https:\/\/blogs.correiobraziliense.com.br\/servidor\/fgv-palestra-previdencia-complementar-do-servidor-publico-migrar-ou-nao\/","title":{"rendered":"FGV &#8211; Palestra \u201cPrevid\u00eancia Complementar do Servidor P\u00fablico: Migrar ou N\u00e3o\u201d"},"content":{"rendered":"<p><em>A Funda\u00e7\u00e3o Getulio Vargas (FGV) far\u00e1, no dia 16 de julho, em Bras\u00edlia, o 2\u00ba F\u00f3rum de Educa\u00e7\u00e3o Executiva. A primeira palestra ter\u00e1 como tema \u201cPrevid\u00eancia Complementar do Servidor P\u00fablico: Migrar ou N\u00e3o\u201d, com as presen\u00e7as do coordenador do MBA em Previd\u00eancia Complementar da FGV, Gilvan C\u00e2ndido; da s\u00f3cia da Advocacia Riedel, Thais Maria Riedel; e do diretor de Seguridade Funpresp-Exe, Arnaldo Lima<\/em><\/p>\n<p>Entre os assuntos est\u00e3o:<\/p>\n<ol>\n<li>Qual a rela\u00e7\u00e3o entre a situa\u00e7\u00e3o fiscal e os regimes pr\u00f3prios e de previd\u00eancia complementar?<br \/>\n2. O que muda na previd\u00eancia complementar com a poss\u00edvel reforma da Previd\u00eancia?<br \/>\n3. Quais os perfis de servidores que podem migrar?<br \/>\n4. Quais os principais aspectos a serem considerados?<br \/>\n5. O que \u00e9 o benef\u00edcio especial e como calcular?<br \/>\n6. Como os efeitos tribut\u00e1rios podem influenciar?<br \/>\n7. Como ficariam os benef\u00edcios de risco (pens\u00e3o por morte e invalidez)?<br \/>\n8. Qual o modelo de gest\u00e3o e governan\u00e7a da Funpresp?<br \/>\n9. Como \u00e9 o plano de benef\u00edcios da Funpresp?<br \/>\n10. A op\u00e7\u00e3o pela migra\u00e7\u00e3o implica necessariamente ades\u00e3o ao plano de benef\u00edcios da Funpresp?<\/li>\n<\/ol>\n","protected":false},"excerpt":{"rendered":"<p>A Funda\u00e7\u00e3o Getulio Vargas (FGV) far\u00e1, no dia 16 de julho, em Bras\u00edlia, o 2\u00ba F\u00f3rum de Educa\u00e7\u00e3o Executiva. A primeira palestra ter\u00e1 como tema \u201cPrevid\u00eancia Complementar do Servidor P\u00fablico: Migrar ou N\u00e3o\u201d, com as presen\u00e7as do coordenador do MBA em Previd\u00eancia Complementar da FGV, Gilvan C\u00e2ndido; da s\u00f3cia da Advocacia Riedel, Thais Maria Riedel; e do diretor de Seguridade [&hellip;]<\/p>\n","protected":false},"author":27,"featured_media":0,"comment_status":"open","ping_status":"closed","sticky":false,"template":"","format":"standard","meta":{"footnotes":""},"categories":[2719],"tags":[386,2726,5877,566,12824,12823,2487,711,941,1212,8],"class_list":["post-9614","post","type-post","status-publish","format-standard","hentry","category-servidor","tag-beneficio","tag-fgv","tag-funpresp-exe","tag-governanca","tag-migrar","tag-paplestra","tag-previdencia-complementar","tag-reforma","tag-regimes","tag-risco","tag-servidor"],"_links":{"self":[{"href":"https:\/\/blogs.correiobraziliense.com.br\/servidor\/wp-json\/wp\/v2\/posts\/9614","targetHints":{"allow":["GET"]}}],"collection":[{"href":"https:\/\/blogs.correiobraziliense.com.br\/servidor\/wp-json\/wp\/v2\/posts"}],"about":[{"href":"https:\/\/blogs.correiobraziliense.com.br\/servidor\/wp-json\/wp\/v2\/types\/post"}],"author":[{"embeddable":true,"href":"https:\/\/blogs.correiobraziliense.com.br\/servidor\/wp-json\/wp\/v2\/users\/27"}],"replies":[{"embeddable":true,"href":"https:\/\/blogs.correiobraziliense.com.br\/servidor\/wp-json\/wp\/v2\/comments?post=9614"}],"version-history":[{"count":1,"href":"https:\/\/blogs.correiobraziliense.com.br\/servidor\/wp-json\/wp\/v2\/posts\/9614\/revisions"}],"predecessor-version":[{"id":9615,"href":"https:\/\/blogs.correiobraziliense.com.br\/servidor\/wp-json\/wp\/v2\/posts\/9614\/revisions\/9615"}],"wp:attachment":[{"href":"https:\/\/blogs.correiobraziliense.com.br\/servidor\/wp-json\/wp\/v2\/media?parent=9614"}],"wp:term":[{"taxonomy":"category","embeddable":true,"href":"https:\/\/blogs.correiobraziliense.com.br\/servidor\/wp-json\/wp\/v2\/categories?post=9614"},{"taxonomy":"post_tag","embeddable":true,"href":"https:\/\/blogs.correiobraziliense.com.br\/servidor\/wp-json\/wp\/v2\/tags?post=9614"}],"curies":[{"name":"wp","href":"https:\/\/api.w.org\/{rel}","templated":true}]}}