{"id":9611,"date":"2018-07-09T16:44:06","date_gmt":"2018-07-09T19:44:06","guid":{"rendered":"https:\/\/blogs.correiobraziliense.com.br\/servidor\/?p=9611"},"modified":"2018-07-09T16:44:06","modified_gmt":"2018-07-09T19:44:06","slug":"auditora-da-cgu-lanca-livro-sobre-codigo-de-defesa-do-usuario-do-servico-publico","status":"publish","type":"post","link":"https:\/\/blogs.correiobraziliense.com.br\/servidor\/auditora-da-cgu-lanca-livro-sobre-codigo-de-defesa-do-usuario-do-servico-publico\/","title":{"rendered":"Auditora da CGU lan\u00e7a livro sobre C\u00f3digo de Defesa do Usu\u00e1rio do Servi\u00e7o P\u00fablico"},"content":{"rendered":"<p><i>Solenidade ser\u00e1 nesta ter\u00e7a-feira, 10 de julho, \u00e0s 9h, em caf\u00e9 da manh\u00e3 no 6\u00ba andar do edif\u00edcio sede do \u00f3rg\u00e3o. Obra \u00e9 a primeira a tratar do tema em todo o pa\u00eds<\/i><\/p>\n<p>Ser\u00e1 nesta ter\u00e7a-feira, 10 de julho, o caf\u00e9 da manh\u00e3 de lan\u00e7amento do livro \u201cC\u00f3digo de Defesa do Usu\u00e1rio do Servi\u00e7o P\u00fablico\u201d. A solenidade ser\u00e1 no 6\u00ba andar do edif\u00edcio sede do \u00f3rg\u00e3o, a partir das 9h. Publicado pela auditora federal de finan\u00e7as e controle (AFFC) da Controladoria-Geral da Uni\u00e3o (CGU), Anjuli Tostes, a obra \u00e9 a primeira a tratar do tema em todo o pa\u00eds.<\/p>\n<p>A Lei 13.460\/2017, que disp\u00f5e sobre participa\u00e7\u00e3o, prote\u00e7\u00e3o e defesa dos direitos do usu\u00e1rio dos servi\u00e7os p\u00fablicos da administra\u00e7\u00e3o p\u00fablica entrou em vigor no dia 22 de junho deste ano. \u201cNa luta pela igualdade social, informa\u00e7\u00e3o \u00e9 o melhor caminho para que consigamos aprender, independentemente de qualquer condi\u00e7\u00e3o social, como exercer o nosso papel de cidad\u00e3s e cidad\u00e3os e cobrar servi\u00e7os p\u00fablicos de qualidade\u201d, afirma a autora.<\/p>\n<p>&nbsp;<\/p>\n<p><strong>AVISO DE PAUTA<\/strong><\/p>\n<p><strong>Lan\u00e7amento do livro \u201cC\u00f3digo de Defesa do Usu\u00e1rio do Servi\u00e7o P\u00fablico\u201d<\/strong><\/p>\n<p><strong>Data:<\/strong>\u00a010 de julho<\/p>\n<p><strong>Hora:<\/strong>\u00a09h<\/p>\n<p><strong>Local:<\/strong>\u00a0Espa\u00e7o de Conviv\u00eancia da Controladoria-Geral da Uni\u00e3o (CGU)<\/p>\n<p><strong>Endere\u00e7o:<\/strong>\u00a0Setor de Autarquias Sul Quadra 1. Bloco A. Edif\u00edcio Darcy Ribeiro, 6\u00ba andar<\/p>\n<p>&nbsp;<\/p>\n<p><strong>SINOPSE DO LIVRO<\/strong><\/p>\n<p>Destinado a servidores p\u00fablicos, comunidade acad\u00eamica, advogados e \u00e0 sociedade em geral \u2013\u00a0\u00a0que necessita e faz uso dos servi\u00e7os p\u00fablicos \u2013, o livro trata das ferramentas criadas pela Lei 13.465\/2017 e suas normas regulamentadoras para possibilitar a defesa do usu\u00e1rio do servi\u00e7o p\u00fablico e a participa\u00e7\u00e3o do cidad\u00e3o na administra\u00e7\u00e3o p\u00fablica.<\/p>\n<p>O livro aborda as categorias essenciais tratadas na lei de defesa do usu\u00e1rio dos servi\u00e7os p\u00fablicos: os princ\u00edpios do servi\u00e7o p\u00fablico, os direitos e deveres dos usu\u00e1rios, as obriga\u00e7\u00f5es impostas \u00e0 administra\u00e7\u00e3o p\u00fablica, o papel das ouvidorias, os tipos de manifesta\u00e7\u00f5es dos usu\u00e1rios dos servi\u00e7os p\u00fablicos, diretrizes de desburocratiza\u00e7\u00e3o e os meios para que os cidad\u00e3os possam defender seus direitos em caso de descumprimento da Lei.<\/p>\n<p>A obra traz, ainda, uma inova\u00e7\u00e3o: um cap\u00edtulo com o resumo do livro em linguagem cidad\u00e3 \u2013 o \u201cManual de Defesa do Usu\u00e1rio do Servi\u00e7o P\u00fablico\u201d \u2013, direcionado \u00e0 parcela da sociedade que n\u00e3o tem afinidade com textos jur\u00eddicos, para que todos possam compreender e exercer os direitos de cidadania, verdadeiro instrumento de empoderamento do usu\u00e1rio do servi\u00e7o p\u00fablico.<\/p>\n","protected":false},"excerpt":{"rendered":"<p>Solenidade ser\u00e1 nesta ter\u00e7a-feira, 10 de julho, \u00e0s 9h, em caf\u00e9 da manh\u00e3 no 6\u00ba andar do edif\u00edcio sede do \u00f3rg\u00e3o. Obra \u00e9 a primeira a tratar do tema em todo o pa\u00eds Ser\u00e1 nesta ter\u00e7a-feira, 10 de julho, o caf\u00e9 da manh\u00e3 de lan\u00e7amento do livro \u201cC\u00f3digo de Defesa do Usu\u00e1rio do Servi\u00e7o P\u00fablico\u201d. A solenidade ser\u00e1 no 6\u00ba [&hellip;]<\/p>\n","protected":false},"author":27,"featured_media":0,"comment_status":"open","ping_status":"closed","sticky":false,"template":"","format":"standard","meta":{"footnotes":""},"categories":[2719],"tags":[1191,12822,12820,2035,12821,1340,1118,1079,7553],"class_list":["post-9611","post","type-post","status-publish","format-standard","hentry","category-servidor","tag-administracao","tag-affc","tag-auditora","tag-cgu","tag-codigo-de-defesa-do-usuario-do-servico-publico","tag-igualdade","tag-informacao","tag-livro","tag-usuario"],"_links":{"self":[{"href":"https:\/\/blogs.correiobraziliense.com.br\/servidor\/wp-json\/wp\/v2\/posts\/9611","targetHints":{"allow":["GET"]}}],"collection":[{"href":"https:\/\/blogs.correiobraziliense.com.br\/servidor\/wp-json\/wp\/v2\/posts"}],"about":[{"href":"https:\/\/blogs.correiobraziliense.com.br\/servidor\/wp-json\/wp\/v2\/types\/post"}],"author":[{"embeddable":true,"href":"https:\/\/blogs.correiobraziliense.com.br\/servidor\/wp-json\/wp\/v2\/users\/27"}],"replies":[{"embeddable":true,"href":"https:\/\/blogs.correiobraziliense.com.br\/servidor\/wp-json\/wp\/v2\/comments?post=9611"}],"version-history":[{"count":1,"href":"https:\/\/blogs.correiobraziliense.com.br\/servidor\/wp-json\/wp\/v2\/posts\/9611\/revisions"}],"predecessor-version":[{"id":9612,"href":"https:\/\/blogs.correiobraziliense.com.br\/servidor\/wp-json\/wp\/v2\/posts\/9611\/revisions\/9612"}],"wp:attachment":[{"href":"https:\/\/blogs.correiobraziliense.com.br\/servidor\/wp-json\/wp\/v2\/media?parent=9611"}],"wp:term":[{"taxonomy":"category","embeddable":true,"href":"https:\/\/blogs.correiobraziliense.com.br\/servidor\/wp-json\/wp\/v2\/categories?post=9611"},{"taxonomy":"post_tag","embeddable":true,"href":"https:\/\/blogs.correiobraziliense.com.br\/servidor\/wp-json\/wp\/v2\/tags?post=9611"}],"curies":[{"name":"wp","href":"https:\/\/api.w.org\/{rel}","templated":true}]}}