{"id":9605,"date":"2018-07-09T12:38:17","date_gmt":"2018-07-09T15:38:17","guid":{"rendered":"https:\/\/blogs.correiobraziliense.com.br\/servidor\/?p=9605"},"modified":"2018-07-09T12:38:17","modified_gmt":"2018-07-09T15:38:17","slug":"trf2-concorda-com-mpf-e-nega-indenizacao-milionaria-por-desapropriacao-em-paraty-rj","status":"publish","type":"post","link":"https:\/\/blogs.correiobraziliense.com.br\/servidor\/trf2-concorda-com-mpf-e-nega-indenizacao-milionaria-por-desapropriacao-em-paraty-rj\/","title":{"rendered":"TRF2 concorda com MPF e nega indeniza\u00e7\u00e3o milion\u00e1ria por desapropria\u00e7\u00e3o em Paraty (RJ)"},"content":{"rendered":"<p><span style=\"font-size: large\"><em>Senten\u00e7a reformada previa R$ 2,7 mi para dois casais por terras no Parque da Serra da Bocaina. <span style=\"font-size: large\"><span style=\"font-size: medium\">Com a decis\u00e3o, caber\u00e1 aos dois casais donos das terras inclu\u00eddas em 1971 no Parque pagarem as custas e os honor\u00e1rios advocat\u00edcios<\/span><\/span><br \/>\n<\/em><\/span><\/p>\n<p><span style=\"font-size: large\"><span style=\"font-size: medium\">Acolhendo parecer do Minist\u00e9rio P\u00fablico Federal (MPF), o Tribunal Regional Federal da 2\u00aa Regi\u00e3o (TRF2) reviu a condena\u00e7\u00e3o da Uni\u00e3o e do Instituto Brasileiro do Meio Ambiente (Ibama) a pagarem uma indeniza\u00e7\u00e3o de cerca de R$ 2,7 milh\u00f5es (valor a atualizar) para dois casais donos de terras inclu\u00eddas em 1971 no Parque Nacional da Serra da Bocaina. O Tribunal reformou a senten\u00e7a da 11\u00aa Vara Federal do Rio<span id=\"OBJ_PREFIX_DWT801_com_zimbra_date\" class=\"Object\"> de Janeiro<\/span> favor\u00e1vel \u00e0 a\u00e7\u00e3o movida em 1976 em que pediam a indeniza\u00e7\u00e3o por desapropria\u00e7\u00e3o. Com a decis\u00e3o, caber\u00e1 aos casais pagarem as custas e os honor\u00e1rios advocat\u00edcios.<\/p>\n<p><\/span><span style=\"font-size: medium\">Os desembargadores da 5\u00aa Turma confirmaram, por unanimidade, o acolhimento dos recursos da Uni\u00e3o e do Ibama e a rejei\u00e7\u00e3o do recurso dos casais contra a senten\u00e7a de 2012. Na a\u00e7\u00e3o, os autores alegaram que terras que somavam 1.130 alqueires e eram suas no antigo S\u00edtio da Serra de Paraty foram abarcadas pelo parque nacional sem que fossem feitas desapropria\u00e7\u00f5es. Segundo os casais, a \u00e1rea continha terras virgens destinadas \u00e0 extra\u00e7\u00e3o de madeiras de lei e fabrica\u00e7\u00e3o de carv\u00e3o vegetal.<\/p>\n<p><\/span><span style=\"font-size: medium\">\u201cA extra\u00e7\u00e3o de carv\u00e3o j\u00e1 era vedada pelos C\u00f3digos Florestais de 1934 e 1968\u201d, avaliou o procurador regional Lu\u00eds Cl\u00e1udio Leivas, que representou o MPF no julgamento do recurso. \u201cE trata-se de Mata Atl\u00e2ntica na Serra do Mar, protegida por legisla\u00e7\u00e3o espec\u00edfica.\u201d<br \/>\n<\/span><\/span><\/p>\n<div><span style=\"font-size: medium\">O MPF se posicionou a favor dos recursos da Uni\u00e3o e do Ibama pela reforma integral da senten\u00e7a, por n\u00e3o caber desapropria\u00e7\u00e3o de mata nativa, cujo corte est\u00e1 proibido desde os C\u00f3digos Florestais de 1934 e 1965, e pelo fato de que os autores continuam a exercer seu <span id=\"OBJ_PREFIX_DWT802_com_zimbra_date\" class=\"Object\">dom<\/span>\u00ednio, embora sujeito \u00e0s limita\u00e7\u00f5es administrativas que impedem a transforma\u00e7\u00e3o das \u00e1rvores de Mata Atl\u00e2ntica em carv\u00e3o.<\/span><\/div>\n<div><span style=\"font-size: medium\"><\/p>\n<p>Processo n\u00ba <span id=\"OBJ_PREFIX_DWT803_com_zimbra_phone\" class=\"Object\"><a href=\"0257765-78.1900.4.02\">0257765-78.1900.4.02<\/a><\/span>.5101<\/span><\/div>\n<p>&nbsp;<\/p>\n","protected":false},"excerpt":{"rendered":"<p>Senten\u00e7a reformada previa R$ 2,7 mi para dois casais por terras no Parque da Serra da Bocaina. Com a decis\u00e3o, caber\u00e1 aos dois casais donos das terras inclu\u00eddas em 1971 no Parque pagarem as custas e os honor\u00e1rios advocat\u00edcios Acolhendo parecer do Minist\u00e9rio P\u00fablico Federal (MPF), o Tribunal Regional Federal da 2\u00aa Regi\u00e3o (TRF2) reviu a condena\u00e7\u00e3o da Uni\u00e3o e [&hellip;]<\/p>\n","protected":false},"author":27,"featured_media":0,"comment_status":"open","ping_status":"closed","sticky":false,"template":"","format":"standard","meta":{"footnotes":""},"categories":[2719],"tags":[12814,1108,1037,4495,453,12815,7580,330],"class_list":["post-9605","post","type-post","status-publish","format-standard","hentry","category-servidor","tag-despropriacao","tag-ibama","tag-indenizacao","tag-milionaria","tag-mpf","tag-parque-da-serra-da-bocaina","tag-trf2","tag-uniao"],"_links":{"self":[{"href":"https:\/\/blogs.correiobraziliense.com.br\/servidor\/wp-json\/wp\/v2\/posts\/9605","targetHints":{"allow":["GET"]}}],"collection":[{"href":"https:\/\/blogs.correiobraziliense.com.br\/servidor\/wp-json\/wp\/v2\/posts"}],"about":[{"href":"https:\/\/blogs.correiobraziliense.com.br\/servidor\/wp-json\/wp\/v2\/types\/post"}],"author":[{"embeddable":true,"href":"https:\/\/blogs.correiobraziliense.com.br\/servidor\/wp-json\/wp\/v2\/users\/27"}],"replies":[{"embeddable":true,"href":"https:\/\/blogs.correiobraziliense.com.br\/servidor\/wp-json\/wp\/v2\/comments?post=9605"}],"version-history":[{"count":1,"href":"https:\/\/blogs.correiobraziliense.com.br\/servidor\/wp-json\/wp\/v2\/posts\/9605\/revisions"}],"predecessor-version":[{"id":9606,"href":"https:\/\/blogs.correiobraziliense.com.br\/servidor\/wp-json\/wp\/v2\/posts\/9605\/revisions\/9606"}],"wp:attachment":[{"href":"https:\/\/blogs.correiobraziliense.com.br\/servidor\/wp-json\/wp\/v2\/media?parent=9605"}],"wp:term":[{"taxonomy":"category","embeddable":true,"href":"https:\/\/blogs.correiobraziliense.com.br\/servidor\/wp-json\/wp\/v2\/categories?post=9605"},{"taxonomy":"post_tag","embeddable":true,"href":"https:\/\/blogs.correiobraziliense.com.br\/servidor\/wp-json\/wp\/v2\/tags?post=9605"}],"curies":[{"name":"wp","href":"https:\/\/api.w.org\/{rel}","templated":true}]}}