{"id":9603,"date":"2018-07-09T12:31:00","date_gmt":"2018-07-09T15:31:00","guid":{"rendered":"https:\/\/blogs.correiobraziliense.com.br\/servidor\/?p=9603"},"modified":"2018-07-09T12:31:00","modified_gmt":"2018-07-09T15:31:00","slug":"anamatra-questoes-que-envolvem-hc-de-lula-devem-ser-enfrentadas-apos-o-recesso-do-judiciario","status":"publish","type":"post","link":"https:\/\/blogs.correiobraziliense.com.br\/servidor\/anamatra-questoes-que-envolvem-hc-de-lula-devem-ser-enfrentadas-apos-o-recesso-do-judiciario\/","title":{"rendered":"Anamatra &#8211; Quest\u00f5es que envolvem HC de Lula devem ser enfrentadas ap\u00f3s o recesso do Judici\u00e1rio"},"content":{"rendered":"<p><em>A Associa\u00e7a\u0303o Nacional dos Magistrados da Justic\u0327a do Trabalho (Anamatra), os dilemas internos do Poder Judici\u00e1rio nacional devem ser resolvidos por seus tribunais, sem interfer\u00eancias externas de qualquer ordem. \u00c9 importante, de acordo com a entidade, que o STF aprecie, o mais breve poss\u00edvel, &#8220;o m\u00e9rito das ADCs n\u00ba 43 e 44, de modo a possibilitar, em definitivo, um entendimento impessoal e universal a prop\u00f3sito da quest\u00e3o, pacificando as teses, as cortes e os \u00e2nimos. Sem esse necess\u00e1rio movimento, seguir\u00e3o v\u00edvidas as d\u00favidas e os clamores, refletindo-se dentro e fora do sistema de Justi\u00e7a&#8221;<\/em><\/p>\n<p>Veja a nota:<\/p>\n<p>&#8220;A Associa\u00e7a\u0303o Nacional dos Magistrados da Justic\u0327a do Trabalho (Anamatra), entidade representativa de mais de 4.000 jui\u0301zes do Trabalho em todo o Brasil, \u00e0 vista dos fatos havidos neste domingo, dia 8\/7, envolvendo as sucessivas e contradit\u00f3rias decis\u00f5es em torno do HC n. 5025614-40.2018.4.04.0000\/PR no \u00e2mbito do TRF 4, vem a p\u00fablico externar o que segue.<\/p>\n<p>1. Os dilemas internos do Poder Judici\u00e1rio nacional devem ser resolvidos por seus tribunais, sem interfer\u00eancias externas de qualquer ordem, atendidos os postulados do devido processo legal, do contradit\u00f3rio, da ampla defesa e da garantia do juiz natural. De outro modo, sempre haver\u00e1 ensejo para agress\u00f5es \u00e0 integridade da fun\u00e7\u00e3o jurisdicional e \u00e0 independ\u00eancia dos magistrados, amea\u00e7ando a credibilidade do Judici\u00e1rio e o pr\u00f3prio regime democr\u00e1tico.<\/p>\n<p>2. As tens\u00f5es recorrentes que est\u00e3o por detr\u00e1s do m\u00e9rito do HC n. 5025614-40.2018.4.04.0000\/PR &#8211; que dizem com a possibilidade de execu\u00e7\u00e3o provis\u00f3ria de pena privativa de liberdade ap\u00f3s condena\u00e7\u00e3o n\u00e3o definitiva &#8211; visivelmente n\u00e3o se resolveram por ocasi\u00e3o do julgamento do HC 152.752\/PR. Com efeito, o tema pende de decis\u00e3o final em sede de controle abstrato de constitucionalidade; e \u00e9 nessa arena que precisa ser enfrentado e resolvido, t\u00e3o logo termine o recesso judici\u00e1rio.<\/p>\n<p>3. Impende, pois, que o Supremo Tribunal Federal aprecie, o mais breve poss\u00edvel, o m\u00e9rito das ADCs n\u00ba 43 e 44, de modo a possibilitar, em definitivo, um entendimento impessoal e universal a prop\u00f3sito da quest\u00e3o, pacificando as teses, as cortes e os \u00e2nimos. Sem esse necess\u00e1rio movimento, seguir\u00e3o v\u00edvidas as d\u00favidas e os clamores, refletindo-se dentro e fora do sistema de Justi\u00e7a.<\/p>\n<p>Bras\u00edlia\/DF, 9 de julho de 2018.<\/p>\n<p>Guilherme Guimar\u00e3es Feliciano&#8221;<\/p>\n","protected":false},"excerpt":{"rendered":"<p>A Associa\u00e7a\u0303o Nacional dos Magistrados da Justic\u0327a do Trabalho (Anamatra), os dilemas internos do Poder Judici\u00e1rio nacional devem ser resolvidos por seus tribunais, sem interfer\u00eancias externas de qualquer ordem. \u00c9 importante, de acordo com a entidade, que o STF aprecie, o mais breve poss\u00edvel, &#8220;o m\u00e9rito das ADCs n\u00ba 43 e 44, de modo a possibilitar, em definitivo, um entendimento [&hellip;]<\/p>\n","protected":false},"author":27,"featured_media":0,"comment_status":"open","ping_status":"closed","sticky":false,"template":"","format":"standard","meta":{"footnotes":""},"categories":[2719],"tags":[1408,1901,7052,12812,814,10631,1361,2266,1137,4134,34,12813],"class_list":["post-9603","post","type-post","status-publish","format-standard","hentry","category-servidor","tag-anamatra","tag-entendimento","tag-externas","tag-hc","tag-interferencia","tag-internas","tag-lula","tag-merito","tag-poder-judiciario","tag-recesso","tag-stf","tag-teses"],"_links":{"self":[{"href":"https:\/\/blogs.correiobraziliense.com.br\/servidor\/wp-json\/wp\/v2\/posts\/9603","targetHints":{"allow":["GET"]}}],"collection":[{"href":"https:\/\/blogs.correiobraziliense.com.br\/servidor\/wp-json\/wp\/v2\/posts"}],"about":[{"href":"https:\/\/blogs.correiobraziliense.com.br\/servidor\/wp-json\/wp\/v2\/types\/post"}],"author":[{"embeddable":true,"href":"https:\/\/blogs.correiobraziliense.com.br\/servidor\/wp-json\/wp\/v2\/users\/27"}],"replies":[{"embeddable":true,"href":"https:\/\/blogs.correiobraziliense.com.br\/servidor\/wp-json\/wp\/v2\/comments?post=9603"}],"version-history":[{"count":1,"href":"https:\/\/blogs.correiobraziliense.com.br\/servidor\/wp-json\/wp\/v2\/posts\/9603\/revisions"}],"predecessor-version":[{"id":9604,"href":"https:\/\/blogs.correiobraziliense.com.br\/servidor\/wp-json\/wp\/v2\/posts\/9603\/revisions\/9604"}],"wp:attachment":[{"href":"https:\/\/blogs.correiobraziliense.com.br\/servidor\/wp-json\/wp\/v2\/media?parent=9603"}],"wp:term":[{"taxonomy":"category","embeddable":true,"href":"https:\/\/blogs.correiobraziliense.com.br\/servidor\/wp-json\/wp\/v2\/categories?post=9603"},{"taxonomy":"post_tag","embeddable":true,"href":"https:\/\/blogs.correiobraziliense.com.br\/servidor\/wp-json\/wp\/v2\/tags?post=9603"}],"curies":[{"name":"wp","href":"https:\/\/api.w.org\/{rel}","templated":true}]}}