{"id":96,"date":"2015-03-03T20:00:00","date_gmt":"2015-03-03T23:00:00","guid":{"rendered":"https:\/\/blogs.correiobraziliense.com.br\/servidor\/federacao_dos_engenheiros_discute_crise_hidrica_e_energetica\/"},"modified":"2015-03-03T20:00:00","modified_gmt":"2015-03-03T23:00:00","slug":"federacao_dos_engenheiros_discute_crise_hidrica_e_energetica","status":"publish","type":"post","link":"https:\/\/blogs.correiobraziliense.com.br\/servidor\/federacao_dos_engenheiros_discute_crise_hidrica_e_energetica\/","title":{"rendered":"FEDERA\u00c7\u00c3O DOS ENGENHEIROS DISCUTE CRISE H\u00cdDRICA E ENERG\u00c9TICA"},"content":{"rendered":"<p>O presidente da Federa\u00e7\u00e3o Nacional dos Engenheiros (FNE), Murilo Celso de Campos Pinheiro, participa de uma sess\u00e3o no Plen\u00e1rio da C\u00e2mara dos Deputados amanh\u00e3 (4), \u00e0s 9h30. O evento tem como objetivo discutir a crise h\u00eddrica e energ\u00e9tica no Pa\u00eds e \u00e9 o primeiro de uma s\u00e9rie de comiss\u00f5es gerais previstas para ouvir os 39 ministros da Esplanada.  <b>  <\/p>\n<p><\/b>Pinheiro participa como especialista da \u00e1rea e ir\u00e1 levar as considera\u00e7\u00f5es dos pol\u00edticos para o Semin\u00e1rio que a FNE promove em S\u00e3o Paulo na pr\u00f3xima semana<b>. <\/b>O \u201cSemin\u00e1rio \u00c1gua e Energia \u2013 Enfrentar a crise\u201d ir\u00e1 discutir as crises h\u00eddrica e energ\u00e9tica do ponto de vista do desenvolvimento, fazendo um diagn\u00f3stico da situa\u00e7\u00e3o e propondo solu\u00e7\u00f5es.     <\/p>\n<p>\u201cEntendemos que n\u00e3o podemos nos esconder atr\u00e1s desses problemas no sentido de justificar uma recess\u00e3o ou queda do nosso crescimento. Pretendemos sair desse semin\u00e1rio com propostas concretas frente a esses desafios, e encaminh\u00e1-las \u00e0s autoridades\u201d, declarou Pinheiro.  <\/p>\n<p>Bras\u00edlia, 20h00  <\/p>\n","protected":false},"excerpt":{"rendered":"<p>O presidente da Federa\u00e7\u00e3o Nacional dos Engenheiros (FNE), Murilo Celso de Campos Pinheiro, participa de uma sess\u00e3o no Plen\u00e1rio da C\u00e2mara dos Deputados amanh\u00e3 (4), \u00e0s 9h30. O evento tem como objetivo discutir a crise h\u00eddrica e energ\u00e9tica no Pa\u00eds e \u00e9 o primeiro de uma s\u00e9rie de comiss\u00f5es gerais previstas para ouvir os 39 ministros da Esplanada. Pinheiro participa [&hellip;]<\/p>\n","protected":false},"author":27,"featured_media":0,"comment_status":"open","ping_status":"open","sticky":false,"template":"","format":"standard","meta":{"footnotes":""},"categories":[1],"tags":[],"class_list":["post-96","post","type-post","status-publish","format-standard","hentry","category-sem-categoria"],"_links":{"self":[{"href":"https:\/\/blogs.correiobraziliense.com.br\/servidor\/wp-json\/wp\/v2\/posts\/96","targetHints":{"allow":["GET"]}}],"collection":[{"href":"https:\/\/blogs.correiobraziliense.com.br\/servidor\/wp-json\/wp\/v2\/posts"}],"about":[{"href":"https:\/\/blogs.correiobraziliense.com.br\/servidor\/wp-json\/wp\/v2\/types\/post"}],"author":[{"embeddable":true,"href":"https:\/\/blogs.correiobraziliense.com.br\/servidor\/wp-json\/wp\/v2\/users\/27"}],"replies":[{"embeddable":true,"href":"https:\/\/blogs.correiobraziliense.com.br\/servidor\/wp-json\/wp\/v2\/comments?post=96"}],"version-history":[{"count":0,"href":"https:\/\/blogs.correiobraziliense.com.br\/servidor\/wp-json\/wp\/v2\/posts\/96\/revisions"}],"wp:attachment":[{"href":"https:\/\/blogs.correiobraziliense.com.br\/servidor\/wp-json\/wp\/v2\/media?parent=96"}],"wp:term":[{"taxonomy":"category","embeddable":true,"href":"https:\/\/blogs.correiobraziliense.com.br\/servidor\/wp-json\/wp\/v2\/categories?post=96"},{"taxonomy":"post_tag","embeddable":true,"href":"https:\/\/blogs.correiobraziliense.com.br\/servidor\/wp-json\/wp\/v2\/tags?post=96"}],"curies":[{"name":"wp","href":"https:\/\/api.w.org\/{rel}","templated":true}]}}