{"id":9588,"date":"2018-07-05T12:40:18","date_gmt":"2018-07-05T15:40:18","guid":{"rendered":"https:\/\/blogs.correiobraziliense.com.br\/servidor\/?p=9588"},"modified":"2018-07-05T12:40:18","modified_gmt":"2018-07-05T15:40:18","slug":"sinagencias-busca-apoio-da-diretoria-geral-da-aneel-para-campanha-ciclo-de-gestao-ja","status":"publish","type":"post","link":"https:\/\/blogs.correiobraziliense.com.br\/servidor\/sinagencias-busca-apoio-da-diretoria-geral-da-aneel-para-campanha-ciclo-de-gestao-ja\/","title":{"rendered":"Sinag\u00eancias busca apoio da diretoria geral da Aneel, para a Campanha \u2018Ciclo de Gest\u00e3o J\u00e1\u2019"},"content":{"rendered":"<p><em>O presidente do Sinag\u00eancias, Alexnaldo Queiroz\u00a0 e o diretor jur\u00eddico adjunto, Luiz Gustavo Cugler foram recebidos na manh\u00e3 desta quarta-feira (04), pelo futuro diretor geral, Andr\u00e9 Pepitone da N\u00f3brega, servidor de carreira desde 2010, na Ag\u00eancia Nacional de Energia El\u00e9trica (Aneel), em Bras\u00edlia. Na edi\u00e7\u00e3o de ter\u00e7a-feira (03), o Di\u00e1rio Oficial da Uni\u00e3o (DOU), trouxe a mensagem reconduzindo seu nome, para a vaga\u00a0 de diretor-geral da Ag\u00eancia<\/em><\/p>\n<p>Em conversa com Pepitone, o presidente foi pedir apoio \u00e0\u00a0<em>\u2018Campanha Ciclo de Gest\u00e3o J\u00e1\u2019<\/em>, que o sindicato lan\u00e7ou em maio, e falou da import\u00e2ncia da contribui\u00e7\u00e3o do futuro diretor geral \u00a0da Aneel no debate sobre o Ciclo de Gest\u00e3o em diversos espa\u00e7os, entre eles, no F\u00f3rum dos Dirigentes das Ag\u00eancias e no apoio aos pleitos da categoria.<\/p>\n<p>O Sindicato Nacional das Ag\u00eancias Nacionais de Regula\u00e7\u00e3o (Sinag\u00eancias) parabeniza a escolha do nome de Andr\u00e9 Pepitone para a diretoria geral da Aneel, assim como o fez, em abril, quando da nomea\u00e7\u00e3o \u00a0de M\u00e1rio P\u00f3via, ao cargo de diretor-geral da Ag\u00eancia Nacional de Transportes Aquavi\u00e1rios (Antaq).<\/p>\n<p>Desde que a atual gest\u00e3o Unidade na Regula\u00e7\u00e3o assumiu a dire\u00e7\u00e3o do sindicato, uma das suas principais pautas \u00e9 a defesa da autonomia t\u00e9cnica das Ag\u00eancias. O debate e a articula\u00e7\u00e3o do tema s\u00e3o cotidianamente defendidos pela dire\u00e7\u00e3o do sindicato que trabalha pelo reconhecimento dos servidores da categoria.Pepitone \u00a0se colocou a disposi\u00e7\u00e3o para colaborar com pleito defendido pelo Sinag\u00eancias, destacando que \u00e9 uma pauta justa e necess\u00e1ria para manter atrativa a carreira.<\/p>\n<p>Pepitone entende que a escolha do seu nome para a diretoria geral \u00e9 um reconhecimento \u00e0 qualidade dos servidores da regula\u00e7\u00e3o.\u00a0 \u201cEm 20 anos de exist\u00eancia da Aneel, \u00e9 a primeira vez que um servidor de carreira, e mais, oriundo da carreira de regula\u00e7\u00e3o, \u00e9 designado para o cargo de dirigente m\u00e1ximo. Essa indica\u00e7\u00e3o \u00e9 uma homenagem aos analistas, aos especialistas, aos t\u00e9cnicos e aos servidores do quadro espec\u00edfico que, pela elegante e meritocr\u00e1tica forma de ingresso do concurso p\u00fablico, se dedicaram e dedicam diariamente para a presta\u00e7\u00e3o de um servi\u00e7o p\u00fablico de refer\u00eancia. O sucesso das Ag\u00eancias Reguladoras depende da continuidade do recrutamento e manuten\u00e7\u00e3o de servidores motivados, com elevada aptid\u00e3o na regula\u00e7\u00e3o e na gest\u00e3o administrativa, no intuito de assegurar o adequado funcionamento dessas institui\u00e7\u00f5es, de forma aderente \u00e0s melhores pr\u00e1ticas de gest\u00e3o p\u00fablica e aos padr\u00f5es internacionais de qualidade regulat\u00f3ria\u201d, disse o futuro diretor geral.<\/p>\n<p>\u201cA altera\u00e7\u00e3o do patamar remunerat\u00f3rio das carreiras de regula\u00e7\u00e3o para o mesmo patamar do Ciclo de Gest\u00e3o, a exemplo do que j\u00e1 ocorre em entes reguladores lato sensu como o Banco Central, que integra a pauta de reivindica\u00e7\u00f5es do sindicato, \u00e9 um pleito justo e necess\u00e1rio para manter atrativa a carreira aos quadros de excel\u00eancia que a comp\u00f5em. Me coloco \u00e0 disposi\u00e7\u00e3o para atuar como um parceiro do Sinag\u00eancias nessa e em outras bandeiras leg\u00edtimas em prol da nossa carreira. As portas de meu gabinete estar\u00e3o sempre abertas a receber as justas reivindica\u00e7\u00f5es de nossos servidores\u201d, destacou Pepitone.<\/p>\n<p>&nbsp;<\/p>\n","protected":false},"excerpt":{"rendered":"<p>O presidente do Sinag\u00eancias, Alexnaldo Queiroz\u00a0 e o diretor jur\u00eddico adjunto, Luiz Gustavo Cugler foram recebidos na manh\u00e3 desta quarta-feira (04), pelo futuro diretor geral, Andr\u00e9 Pepitone da N\u00f3brega, servidor de carreira desde 2010, na Ag\u00eancia Nacional de Energia El\u00e9trica (Aneel), em Bras\u00edlia. Na edi\u00e7\u00e3o de ter\u00e7a-feira (03), o Di\u00e1rio Oficial da Uni\u00e3o (DOU), trouxe a mensagem reconduzindo seu nome, [&hellip;]<\/p>\n","protected":false},"author":27,"featured_media":0,"comment_status":"open","ping_status":"closed","sticky":false,"template":"","format":"standard","meta":{"footnotes":""},"categories":[2719],"tags":[792,12798,55,12797,17,1620,5631,440],"class_list":["post-9588","post","type-post","status-publish","format-standard","hentry","category-servidor","tag-apoio","tag-campanha-ciclo-de-gestao-ja","tag-carreiras","tag-diretoria-geral","tag-pauta","tag-remuneracao","tag-sinagencia","tag-sindicato"],"_links":{"self":[{"href":"https:\/\/blogs.correiobraziliense.com.br\/servidor\/wp-json\/wp\/v2\/posts\/9588","targetHints":{"allow":["GET"]}}],"collection":[{"href":"https:\/\/blogs.correiobraziliense.com.br\/servidor\/wp-json\/wp\/v2\/posts"}],"about":[{"href":"https:\/\/blogs.correiobraziliense.com.br\/servidor\/wp-json\/wp\/v2\/types\/post"}],"author":[{"embeddable":true,"href":"https:\/\/blogs.correiobraziliense.com.br\/servidor\/wp-json\/wp\/v2\/users\/27"}],"replies":[{"embeddable":true,"href":"https:\/\/blogs.correiobraziliense.com.br\/servidor\/wp-json\/wp\/v2\/comments?post=9588"}],"version-history":[{"count":1,"href":"https:\/\/blogs.correiobraziliense.com.br\/servidor\/wp-json\/wp\/v2\/posts\/9588\/revisions"}],"predecessor-version":[{"id":9589,"href":"https:\/\/blogs.correiobraziliense.com.br\/servidor\/wp-json\/wp\/v2\/posts\/9588\/revisions\/9589"}],"wp:attachment":[{"href":"https:\/\/blogs.correiobraziliense.com.br\/servidor\/wp-json\/wp\/v2\/media?parent=9588"}],"wp:term":[{"taxonomy":"category","embeddable":true,"href":"https:\/\/blogs.correiobraziliense.com.br\/servidor\/wp-json\/wp\/v2\/categories?post=9588"},{"taxonomy":"post_tag","embeddable":true,"href":"https:\/\/blogs.correiobraziliense.com.br\/servidor\/wp-json\/wp\/v2\/tags?post=9588"}],"curies":[{"name":"wp","href":"https:\/\/api.w.org\/{rel}","templated":true}]}}