{"id":9577,"date":"2018-07-03T16:25:05","date_gmt":"2018-07-03T19:25:05","guid":{"rendered":"https:\/\/blogs.correiobraziliense.com.br\/servidor\/?p=9577"},"modified":"2018-07-03T16:25:05","modified_gmt":"2018-07-03T19:25:05","slug":"correios-iniciarao-piloto-para-emissao-do-documento-nacional-de-identidade","status":"publish","type":"post","link":"https:\/\/blogs.correiobraziliense.com.br\/servidor\/correios-iniciarao-piloto-para-emissao-do-documento-nacional-de-identidade\/","title":{"rendered":"Correios iniciar\u00e3o piloto para emiss\u00e3o do Documento Nacional de Identidade"},"content":{"rendered":"<p><em>Nesta quarta-feira (04), em Bras\u00edlia, os Correios e o Comit\u00ea Gestor da Identifica\u00e7\u00e3o Civil Nacional, por meio do Tribunal Superior Eleitoral (TSE), assinam protocolo de inten\u00e7\u00e3o para a valida\u00e7\u00e3o de dados na emiss\u00e3o do Documento Nacional de Identidade (DNI)<\/em><\/p>\n<p>&#8220;Por meio da parceria, o Comit\u00ea Gestor pretende estender os pontos de atendimento para acesso ao documento, contando com a presen\u00e7a dos Correios em todos os munic\u00edpios brasileiros. A a\u00e7\u00e3o piloto ter\u00e1 in\u00edcio na ag\u00eancia de Correios Central de Bras\u00edlia e abranger\u00e1, no per\u00edodo de 30 dias, somente os empregados dos Correios. O projeto ser\u00e1 ampliado a toda a rede de atendimento, por meio de um plano de expans\u00e3o desenhado com o TSE&#8221;, informou a nota.<\/p>\n<p>O TSE foi o \u00f3rg\u00e3o escolhido para validar o DNI devido \u00e0 sua ampla base de dados biom\u00e9tricos, utilizada para o recadastramento do pleito eleitoral. A iniciativa prop\u00f5e unir v\u00e1rios documentos em um s\u00f3.<\/p>\n<p><strong>Servi\u00e7o<\/strong><\/p>\n<p>Assinatura de Protocolo de Inten\u00e7\u00e3o entre Correios e Tribunal Superior Eleitoral<\/p>\n<p>Data: Quarta-feira (4), \u00e0s 14h30<\/p>\n<p>Local: SBN Quadra 1, Bloco A, Edif\u00edcio-Sede dos Correios \u2013 Bras\u00edlia\/DF.<\/p>\n","protected":false},"excerpt":{"rendered":"<p>Nesta quarta-feira (04), em Bras\u00edlia, os Correios e o Comit\u00ea Gestor da Identifica\u00e7\u00e3o Civil Nacional, por meio do Tribunal Superior Eleitoral (TSE), assinam protocolo de inten\u00e7\u00e3o para a valida\u00e7\u00e3o de dados na emiss\u00e3o do Documento Nacional de Identidade (DNI) &#8220;Por meio da parceria, o Comit\u00ea Gestor pretende estender os pontos de atendimento para acesso ao documento, contando com a presen\u00e7a [&hellip;]<\/p>\n","protected":false},"author":27,"featured_media":0,"comment_status":"open","ping_status":"closed","sticky":false,"template":"","format":"standard","meta":{"footnotes":""},"categories":[2719],"tags":[20,167,12790,312,891,6396,944,7715,1781,2053,10934],"class_list":["post-9577","post","type-post","status-publish","format-standard","hentry","category-servidor","tag-correios","tag-dados","tag-documento-nacional-de-identidade","tag-emissao","tag-empregados","tag-intencao","tag-municipios","tag-protocolo","tag-rede","tag-tse","tag-validacao"],"_links":{"self":[{"href":"https:\/\/blogs.correiobraziliense.com.br\/servidor\/wp-json\/wp\/v2\/posts\/9577","targetHints":{"allow":["GET"]}}],"collection":[{"href":"https:\/\/blogs.correiobraziliense.com.br\/servidor\/wp-json\/wp\/v2\/posts"}],"about":[{"href":"https:\/\/blogs.correiobraziliense.com.br\/servidor\/wp-json\/wp\/v2\/types\/post"}],"author":[{"embeddable":true,"href":"https:\/\/blogs.correiobraziliense.com.br\/servidor\/wp-json\/wp\/v2\/users\/27"}],"replies":[{"embeddable":true,"href":"https:\/\/blogs.correiobraziliense.com.br\/servidor\/wp-json\/wp\/v2\/comments?post=9577"}],"version-history":[{"count":1,"href":"https:\/\/blogs.correiobraziliense.com.br\/servidor\/wp-json\/wp\/v2\/posts\/9577\/revisions"}],"predecessor-version":[{"id":9578,"href":"https:\/\/blogs.correiobraziliense.com.br\/servidor\/wp-json\/wp\/v2\/posts\/9577\/revisions\/9578"}],"wp:attachment":[{"href":"https:\/\/blogs.correiobraziliense.com.br\/servidor\/wp-json\/wp\/v2\/media?parent=9577"}],"wp:term":[{"taxonomy":"category","embeddable":true,"href":"https:\/\/blogs.correiobraziliense.com.br\/servidor\/wp-json\/wp\/v2\/categories?post=9577"},{"taxonomy":"post_tag","embeddable":true,"href":"https:\/\/blogs.correiobraziliense.com.br\/servidor\/wp-json\/wp\/v2\/tags?post=9577"}],"curies":[{"name":"wp","href":"https:\/\/api.w.org\/{rel}","templated":true}]}}