{"id":9575,"date":"2018-07-03T16:20:59","date_gmt":"2018-07-03T19:20:59","guid":{"rendered":"https:\/\/blogs.correiobraziliense.com.br\/servidor\/?p=9575"},"modified":"2018-07-03T16:20:59","modified_gmt":"2018-07-03T19:20:59","slug":"juizes-repudiam-criticas-pessoais-e-defendem-independencia-da-magistratura","status":"publish","type":"post","link":"https:\/\/blogs.correiobraziliense.com.br\/servidor\/juizes-repudiam-criticas-pessoais-e-defendem-independencia-da-magistratura\/","title":{"rendered":"Ju\u00edzes repudiam cr\u00edticas pessoais e defendem independ\u00eancia da magistratura"},"content":{"rendered":"<p><em>Em nota conjunta, AMB, Ajufe e Anamatra discordam dos m\u00e9todos de contesta\u00e7\u00e3o das decis\u00f5es judiciais e indicam o &#8220;caminho institucional dos recursos&#8221; para os que contestam o m\u00e9rito<\/em><\/p>\n<p>Veja a nota:<\/p>\n<p><strong>&#8220;NOTA P\u00daBLICA \u2013 AMB, AJUFE E ANAMATRA<\/strong><\/p>\n<p>A AMB, Ajufe e Anamatra, entidades de classes representativas de mais de 21 mil magistradas e magistrados brasileiros, a prop\u00f3sito de cr\u00edticas pessoais que v\u00eam sendo feitas a membros do Poder Judici\u00e1rio por alguns integrantes do Minist\u00e9rio P\u00fablico e da Advocacia em raz\u00e3o de decis\u00f5es judiciais proferidas, v\u00eam se manifestar no sentido de que:<\/p>\n<p>I \u2013 a independ\u00eancia judicial \u00e9 um valor imprescind\u00edvel para qualquer democracia e as decis\u00f5es judiciais precisam ser observadas e cumpridas, tenham sido elas proferidas por ju\u00edzes, desembargadores ou Ministros dos Tribunais Superiores.<\/p>\n<p>II \u2013 n\u00e3o \u00e9 aceit\u00e1vel que aqueles que exercem fun\u00e7\u00f5es essenciais \u00e0 Justi\u00e7a, com o objetivo de deslegitimar a autoridade das decis\u00f5es e macular a honra de seus prolatores, te\u00e7am cr\u00edticas de natureza pessoal aos membros do Poder Judici\u00e1rio, atingindo a integridade da institui\u00e7\u00e3o.<\/p>\n<p>III \u2013 \u00e9 natural a cr\u00edtica e a discord\u00e2ncia quanto ao m\u00e9rito de decis\u00f5es judiciais, mas elas t\u00eam de ser exercidas pelo caminho institucional dos recursos judiciais previstos no modelo constitucional vigente.<\/p>\n<p><strong>\u00a0Bras\u00edlia, 03 de julho de 2018.<\/strong><\/p>\n<p><strong>\u00a0<\/strong><\/p>\n<p><strong>JAYME MARTINS DE OLIVEIRA NETO<\/strong><br \/>\n<strong>Associa\u00e7\u00e3o dos Magistrados Brasileiros \u2013 AMB\u00a0<\/strong><\/p>\n<p><strong>FERNANDO MARCELO MENDES<\/strong><br \/>\n<strong>Presidente da Associa\u00e7\u00e3o dos Ju\u00edzes Federais do Brasil \u2013 AJUFE\u00a0<\/strong><\/p>\n<p><strong>GUILHERME GUIMAR\u00c3ES FELICIANO<\/strong><br \/>\n<strong>Presidente da Associa\u00e7\u00e3o Nacional dos Magistrados da Justi\u00e7a do Trabalho \u2013 ANAMATRA&#8221;<\/strong><\/p>\n","protected":false},"excerpt":{"rendered":"<p>Em nota conjunta, AMB, Ajufe e Anamatra discordam dos m\u00e9todos de contesta\u00e7\u00e3o das decis\u00f5es judiciais e indicam o &#8220;caminho institucional dos recursos&#8221; para os que contestam o m\u00e9rito Veja a nota: &#8220;NOTA P\u00daBLICA \u2013 AMB, AJUFE E ANAMATRA A AMB, Ajufe e Anamatra, entidades de classes representativas de mais de 21 mil magistradas e magistrados brasileiros, a prop\u00f3sito de cr\u00edticas [&hellip;]<\/p>\n","protected":false},"author":27,"featured_media":0,"comment_status":"open","ping_status":"closed","sticky":false,"template":"","format":"standard","meta":{"footnotes":""},"categories":[2719],"tags":[465,2129,12789,1864,263,2086,344,2323,417,1704,74],"class_list":["post-9575","post","type-post","status-publish","format-standard","hentry","category-servidor","tag-advocacia","tag-criticas","tag-cumpridas","tag-decisoes","tag-independencia","tag-judiciais","tag-juizes","tag-magistratura","tag-ministerio-publico","tag-pessoais","tag-repudiam"],"_links":{"self":[{"href":"https:\/\/blogs.correiobraziliense.com.br\/servidor\/wp-json\/wp\/v2\/posts\/9575","targetHints":{"allow":["GET"]}}],"collection":[{"href":"https:\/\/blogs.correiobraziliense.com.br\/servidor\/wp-json\/wp\/v2\/posts"}],"about":[{"href":"https:\/\/blogs.correiobraziliense.com.br\/servidor\/wp-json\/wp\/v2\/types\/post"}],"author":[{"embeddable":true,"href":"https:\/\/blogs.correiobraziliense.com.br\/servidor\/wp-json\/wp\/v2\/users\/27"}],"replies":[{"embeddable":true,"href":"https:\/\/blogs.correiobraziliense.com.br\/servidor\/wp-json\/wp\/v2\/comments?post=9575"}],"version-history":[{"count":1,"href":"https:\/\/blogs.correiobraziliense.com.br\/servidor\/wp-json\/wp\/v2\/posts\/9575\/revisions"}],"predecessor-version":[{"id":9576,"href":"https:\/\/blogs.correiobraziliense.com.br\/servidor\/wp-json\/wp\/v2\/posts\/9575\/revisions\/9576"}],"wp:attachment":[{"href":"https:\/\/blogs.correiobraziliense.com.br\/servidor\/wp-json\/wp\/v2\/media?parent=9575"}],"wp:term":[{"taxonomy":"category","embeddable":true,"href":"https:\/\/blogs.correiobraziliense.com.br\/servidor\/wp-json\/wp\/v2\/categories?post=9575"},{"taxonomy":"post_tag","embeddable":true,"href":"https:\/\/blogs.correiobraziliense.com.br\/servidor\/wp-json\/wp\/v2\/tags?post=9575"}],"curies":[{"name":"wp","href":"https:\/\/api.w.org\/{rel}","templated":true}]}}