{"id":957,"date":"2016-02-11T13:52:40","date_gmt":"2016-02-11T15:52:40","guid":{"rendered":"https:\/\/blogs.correiobraziliense.com.br\/servidor\/?p=957"},"modified":"2016-02-11T13:52:40","modified_gmt":"2016-02-11T15:52:40","slug":"correios-abre-vagas-para-jovem-aprendiz-em-todo-o-pais","status":"publish","type":"post","link":"https:\/\/blogs.correiobraziliense.com.br\/servidor\/correios-abre-vagas-para-jovem-aprendiz-em-todo-o-pais\/","title":{"rendered":"CORREIOS ABRE VAGAS PARA JOVEM APRENDIZ EM TODO O PA\u00cdS"},"content":{"rendered":"<p>Quase quatro mil vagas e mais cadastro reserva ser\u00e3o ofertadas no Programa Jovem Aprendiz dos Correios para este ano. As inscri\u00e7\u00f5es s\u00e3o gratuitas e somente pela Internet, no site dos <a href=\"http:\/\/www2.correios.com.br\/institucional\/concursos\/correios\/lst_concurso.cfm?con_nu=765\">Correios<\/a>, entre os dias 25 de fevereiro e 13 de mar\u00e7o.<\/p>\n<p>&nbsp;<\/p>\n<p>Para participar, o candidato dever\u00e1 ter entre 15 e 22 anos completos, exceto se pessoa com defici\u00eancia; estar matriculado na escola e cursando, no m\u00ednimo, o 9\u00ba ano do ensino fundamental.<\/p>\n<p>&nbsp;<\/p>\n<p>A sele\u00e7\u00e3o ser\u00e1 simplificada, por meio da comprova\u00e7\u00e3o de requisitos referentes \u00e0 renda familiar, aprova\u00e7\u00e3o escolar, s\u00e9rie atual e participa\u00e7\u00e3o em projetos sociais, a partir de uma pontua\u00e7\u00e3o detalhada no edital. O Jovem Aprendiz ter\u00e1 direito a jornada de aprendizagem de 20 horas semanais, distribu\u00eddas em quatro horas di\u00e1rias; curso de aprendizagem de assistente administrativo; sal\u00e1rio de R$ 413,33; vale transporte e vale refei\u00e7\u00e3o ou alimenta\u00e7\u00e3o.<\/p>\n<p>&nbsp;<\/p>\n<p><strong>Jovem Aprendiz \u2013 <\/strong>Criado em 2010, o programa tem como objetivo o desenvolvimento de jovens por meio da educa\u00e7\u00e3o t\u00e9cnico-profissional, do est\u00edmulo \u00e0 pr\u00e1tica da cidadania e de valores \u00e9ticos, contribuindo com a prepara\u00e7\u00e3o para o mundo do trabalho.<\/p>\n","protected":false},"excerpt":{"rendered":"<p>Quase quatro mil vagas e mais cadastro reserva ser\u00e3o ofertadas no Programa Jovem Aprendiz dos Correios para este ano. As inscri\u00e7\u00f5es s\u00e3o gratuitas e somente pela Internet, no site dos Correios, entre os dias 25 de fevereiro e 13 de mar\u00e7o. &nbsp; Para participar, o candidato dever\u00e1 ter entre 15 e 22 anos completos, exceto se pessoa com defici\u00eancia; estar [&hellip;]<\/p>\n","protected":false},"author":27,"featured_media":0,"comment_status":"open","ping_status":"closed","sticky":false,"template":"","format":"standard","meta":{"footnotes":""},"categories":[1],"tags":[779,20,782,781,780,198,703],"class_list":["post-957","post","type-post","status-publish","format-standard","hentry","category-sem-categoria","tag-abre","tag-correios","tag-gratuitas","tag-inscricoes","tag-jovem-aprendiz","tag-pais","tag-vagas"],"_links":{"self":[{"href":"https:\/\/blogs.correiobraziliense.com.br\/servidor\/wp-json\/wp\/v2\/posts\/957","targetHints":{"allow":["GET"]}}],"collection":[{"href":"https:\/\/blogs.correiobraziliense.com.br\/servidor\/wp-json\/wp\/v2\/posts"}],"about":[{"href":"https:\/\/blogs.correiobraziliense.com.br\/servidor\/wp-json\/wp\/v2\/types\/post"}],"author":[{"embeddable":true,"href":"https:\/\/blogs.correiobraziliense.com.br\/servidor\/wp-json\/wp\/v2\/users\/27"}],"replies":[{"embeddable":true,"href":"https:\/\/blogs.correiobraziliense.com.br\/servidor\/wp-json\/wp\/v2\/comments?post=957"}],"version-history":[{"count":1,"href":"https:\/\/blogs.correiobraziliense.com.br\/servidor\/wp-json\/wp\/v2\/posts\/957\/revisions"}],"predecessor-version":[{"id":958,"href":"https:\/\/blogs.correiobraziliense.com.br\/servidor\/wp-json\/wp\/v2\/posts\/957\/revisions\/958"}],"wp:attachment":[{"href":"https:\/\/blogs.correiobraziliense.com.br\/servidor\/wp-json\/wp\/v2\/media?parent=957"}],"wp:term":[{"taxonomy":"category","embeddable":true,"href":"https:\/\/blogs.correiobraziliense.com.br\/servidor\/wp-json\/wp\/v2\/categories?post=957"},{"taxonomy":"post_tag","embeddable":true,"href":"https:\/\/blogs.correiobraziliense.com.br\/servidor\/wp-json\/wp\/v2\/tags?post=957"}],"curies":[{"name":"wp","href":"https:\/\/api.w.org\/{rel}","templated":true}]}}