{"id":955,"date":"2016-02-11T12:47:22","date_gmt":"2016-02-11T14:47:22","guid":{"rendered":"https:\/\/blogs.correiobraziliense.com.br\/servidor\/?p=955"},"modified":"2016-02-11T12:47:22","modified_gmt":"2016-02-11T14:47:22","slug":"valor-das-autuacoes-despenca-em-janeiro-com-receita-parada","status":"publish","type":"post","link":"https:\/\/blogs.correiobraziliense.com.br\/servidor\/valor-das-autuacoes-despenca-em-janeiro-com-receita-parada\/","title":{"rendered":"VALOR DAS AUTUA\u00c7\u00d5ES DESPENCA EM JANEIRO COM RECEITA PARADA"},"content":{"rendered":"<p><em>Se a estimativa de lan\u00e7amento de cr\u00e9ditos tribut\u00e1rios para 2015 era em torno de R$ 150 bilh\u00f5es, o Sindifisco Nacional projeta para este ano aproximadamente R$ 33,6 bilh\u00f5es. Mas isso caso persista o impasse entre o governo e a categoria, que desde a \u00faltima reuni\u00e3o no Minist\u00e9rio do Planejamento, em 21 de janeiro, aguarda a proposta de acordo.<\/em><\/p>\n<p>Por meio de nota, o Sindicato Nacional dos Auditores Fiscais da Receita Federal (Sindifisco Nacional) informou que o resultado das autua\u00e7\u00f5es da Receita Federal (RFB) desabou no primeiro m\u00eas deste ano. Se em janeiro de 2015 o total tinha sido de pouco mais de R$ 21 bilh\u00f5es, m\u00eas passado alcan\u00e7ou em torno de R$ 5,9 bilh\u00f5es. Queda de 72% na compara\u00e7\u00e3o entre os dois per\u00edodos.<\/p>\n<p>&#8220;Esse percentual desmonta a vers\u00e3o da RFB de que a queda na arrecada\u00e7\u00e3o foi somente por causa da diminui\u00e7\u00e3o da atividade econ\u00f4mica. A paralisa\u00e7\u00e3o dos auditores fiscais, que desde agosto passado tentam construir um acordo com o governo federal, contribuiu para esse desempenho&#8221;, destaca a nota.<\/p>\n<p>Uma das maiores redu\u00e7\u00f5es foi na 8\u00aa Regi\u00e3o Fiscal (SP). Se em janeiro de 2015 o fechamento foi de R$ 12,8 bilh\u00f5es, no mesmo per\u00edodo de 2016 alcan\u00e7ou pouco mais de R$ 2 bilh\u00f5es. Na 7\u00aa RF (RJ e ES) o n\u00famero caiu praticamente \u00e0 metade: R$ 2 bilh\u00f5es em 2016 contra aproximadamente R$ 4,4 bilh\u00f5es em 2015.<\/p>\n<p>Na 4\u00aa RF (AL, PE, PB e RN) despencou. Se ano passado foi de R$ 1,3 bilh\u00e3o em janeiro, agora chegou somente a R$ 159 bilh\u00f5es. As 3\u00aa (CE, MA e PI), 6\u00aa (MG) e 9\u00aa (PR e SC) regi\u00f5es fiscais tamb\u00e9m sofreram queda expressiva no resultados de fiscaliza\u00e7\u00e3o.<\/p>\n<p>&nbsp;<\/p>\n","protected":false},"excerpt":{"rendered":"<p>Se a estimativa de lan\u00e7amento de cr\u00e9ditos tribut\u00e1rios para 2015 era em torno de R$ 150 bilh\u00f5es, o Sindifisco Nacional projeta para este ano aproximadamente R$ 33,6 bilh\u00f5es. Mas isso caso persista o impasse entre o governo e a categoria, que desde a \u00faltima reuni\u00e3o no Minist\u00e9rio do Planejamento, em 21 de janeiro, aguarda a proposta de acordo. Por meio [&hellip;]<\/p>\n","protected":false},"author":27,"featured_media":0,"comment_status":"open","ping_status":"closed","sticky":false,"template":"","format":"standard","meta":{"footnotes":""},"categories":[1],"tags":[112,648,775,776,98,777,778,54,294,163,774],"class_list":["post-955","post","type-post","status-publish","format-standard","hentry","category-sem-categoria","tag-acordo","tag-auditores-fiscais","tag-autuacoes","tag-despenca","tag-governo","tag-janeiro","tag-parada","tag-proposta","tag-receita-federal","tag-sindifisco-nacional","tag-valor"],"_links":{"self":[{"href":"https:\/\/blogs.correiobraziliense.com.br\/servidor\/wp-json\/wp\/v2\/posts\/955","targetHints":{"allow":["GET"]}}],"collection":[{"href":"https:\/\/blogs.correiobraziliense.com.br\/servidor\/wp-json\/wp\/v2\/posts"}],"about":[{"href":"https:\/\/blogs.correiobraziliense.com.br\/servidor\/wp-json\/wp\/v2\/types\/post"}],"author":[{"embeddable":true,"href":"https:\/\/blogs.correiobraziliense.com.br\/servidor\/wp-json\/wp\/v2\/users\/27"}],"replies":[{"embeddable":true,"href":"https:\/\/blogs.correiobraziliense.com.br\/servidor\/wp-json\/wp\/v2\/comments?post=955"}],"version-history":[{"count":1,"href":"https:\/\/blogs.correiobraziliense.com.br\/servidor\/wp-json\/wp\/v2\/posts\/955\/revisions"}],"predecessor-version":[{"id":956,"href":"https:\/\/blogs.correiobraziliense.com.br\/servidor\/wp-json\/wp\/v2\/posts\/955\/revisions\/956"}],"wp:attachment":[{"href":"https:\/\/blogs.correiobraziliense.com.br\/servidor\/wp-json\/wp\/v2\/media?parent=955"}],"wp:term":[{"taxonomy":"category","embeddable":true,"href":"https:\/\/blogs.correiobraziliense.com.br\/servidor\/wp-json\/wp\/v2\/categories?post=955"},{"taxonomy":"post_tag","embeddable":true,"href":"https:\/\/blogs.correiobraziliense.com.br\/servidor\/wp-json\/wp\/v2\/tags?post=955"}],"curies":[{"name":"wp","href":"https:\/\/api.w.org\/{rel}","templated":true}]}}