{"id":953,"date":"2016-02-11T11:34:45","date_gmt":"2016-02-11T13:34:45","guid":{"rendered":"https:\/\/blogs.correiobraziliense.com.br\/servidor\/?p=953"},"modified":"2016-02-11T11:34:45","modified_gmt":"2016-02-11T13:34:45","slug":"auditores-da-receita-federal-contestam-reforma-da-previdencia","status":"publish","type":"post","link":"https:\/\/blogs.correiobraziliense.com.br\/servidor\/auditores-da-receita-federal-contestam-reforma-da-previdencia\/","title":{"rendered":"AUDITORES DA RECEITA FEDERAL CONTESTAM REFORMA DA PREVID\u00caNCIA"},"content":{"rendered":"<p style=\"text-align: left\" align=\"right\">A Associa\u00e7\u00e3o Nacional dos Auditores Fiscais da Receita Federal do Brasil (Anfip) divulgou nota informando que v\u00ea com preocupa\u00e7\u00e3o a inten\u00e7\u00e3o do governo de, mais uma vez, modificar as regras para concess\u00e3o das aposentadorias na Previd\u00eancia Social.<\/p>\n<p style=\"text-align: left\" align=\"right\">&#8220;N\u00e3o bastasse a crueldade do fator previdenci\u00e1rio ainda em vigor e o progressivo rigor na concess\u00e3o de pens\u00f5es por morte, agora o Pal\u00e1cio do Planalto quer estabelecer uma idade m\u00ednima para aposentadoria&#8221;, reclamou a entidade.<\/p>\n<p style=\"text-align: left\" align=\"right\">Como \u00e9 poss\u00edvel falar em idade m\u00ednima em um pa\u00eds com dimens\u00f5es continentais e profundas desigualdades regionais em termos sociais e econ\u00f4micos?, questionou\u00a0 Anfip, ao enfatizar que a Previd\u00eancia Social paga mensalmente 32,6 milh\u00f5es de benef\u00edcios, entre aposentadorias, pens\u00f5es, aux\u00edlios e outros benef\u00edcios assistenciais. Destes, somente 5,4 milh\u00f5es s\u00e3o por tempo de contribui\u00e7\u00e3o, ou cerca de 17% do total. O estabelecimento de idade m\u00ednima estaria direcionado para estas aposentadorias, que incluem percentual pequeno do total de pagamentos previdenci\u00e1rios.<\/p>\n<p style=\"text-align: left\" align=\"right\">&#8220;\u00c9 preciso ressaltar tamb\u00e9m que o subsistema urbano \u00e9 superavit\u00e1rio, mas o rural apresenta deficit. Em 2015, enquanto a Previd\u00eancia do trabalhador da cidade registrou saldo positivo de R$ 5,1 bilh\u00f5es, no campo a conta ficou negativa em R$ 91 bilh\u00f5es. Por uma quest\u00e3o de justi\u00e7a social, o trabalhador rural se aposenta em condi\u00e7\u00f5es diferenciadas&#8221;, diz a nota. Segundo a Anfip, uma possibilidade para melhorar os n\u00fameros do segmento \u00e9 convocar o agroneg\u00f3cio a contribuir para a redu\u00e7\u00e3o do desequil\u00edbrio.<\/p>\n<p style=\"text-align: left\" align=\"right\"><strong>Or\u00e7amento \u00e9 superavit\u00e1rio<\/strong><\/p>\n<p style=\"text-align: left\" align=\"right\">Se, por um lado, a possibilidade de aprova\u00e7\u00e3o no Congresso Nacional de idade m\u00ednima em meio \u00e0 atual crise pol\u00edtica e em pleno ano eleitoral \u00e9 pequena, por outro, \u00e9 preciso fazer a discuss\u00e3o a partir de dados corretos.<\/p>\n<p style=\"text-align: left\" align=\"right\">Um ponto essencial, que o governo insiste em omitir, diz a Anfip, \u00e9 que a Previd\u00eancia Social faz parte de um sistema com or\u00e7amento superavit\u00e1rio. Ao lado da sa\u00fade e da assist\u00eancia social, a Previd\u00eancia comp\u00f5e a Seguridade Social brasileira, modelo estabelecido na Constitui\u00e7\u00e3o Federal.<\/p>\n<p style=\"text-align: left\" align=\"right\">H\u00e1 quinze anos a Anfip comprova, ano ap\u00f3s ano, que a Seguridade \u00e9 superavit\u00e1ria. Em 2014, por exemplo, o saldo positivo foi de R$ 53,9 bilh\u00f5es (leia <a href=\"http:\/\/passthrough.fw-notify.net\/download\/044271\/http:\/www.anfip.org.br\/publicacoes\/20150713162859_Analise-da-Seguridade-Social-2014_13-07-2015_20150710-Anlise-Seguridade-2014-Verso-Final.pdf\" target=\"_blank\">aqui<\/a> o estudo completo).<\/p>\n<p style=\"text-align: left\" align=\"right\">&#8220;Tamb\u00e9m \u00e9 preciso dizer que o governo desfalca reiteradamente o or\u00e7amento do setor. Anualmente, cerca de R$ 30 bilh\u00f5es saem do caixa para incentivar diversos setores da economia por meio de ren\u00fancias previdenci\u00e1rias (empresas que pagam al\u00edquotas menores ou est\u00e3o isentas)&#8221;.<\/p>\n<p style=\"text-align: left\" align=\"right\">Para a Anfip, antes de propor reforma ou idade m\u00ednima, \u00e9 preciso que os ocupantes do Executivo atuem com transpar\u00eancia na divulga\u00e7\u00e3o das contas da Previd\u00eancia. &#8220;Tamb\u00e9m \u00e9 hora de o governo parar de retirar recursos da Seguridade Social para garantir superavit prim\u00e1rio e bancar o servi\u00e7o da d\u00edvida p\u00fablica&#8221;.<\/p>\n","protected":false},"excerpt":{"rendered":"<p>A Associa\u00e7\u00e3o Nacional dos Auditores Fiscais da Receita Federal do Brasil (Anfip) divulgou nota informando que v\u00ea com preocupa\u00e7\u00e3o a inten\u00e7\u00e3o do governo de, mais uma vez, modificar as regras para concess\u00e3o das aposentadorias na Previd\u00eancia Social. &#8220;N\u00e3o bastasse a crueldade do fator previdenci\u00e1rio ainda em vigor e o progressivo rigor na concess\u00e3o de pens\u00f5es por morte, agora o Pal\u00e1cio [&hellip;]<\/p>\n","protected":false},"author":27,"featured_media":0,"comment_status":"open","ping_status":"closed","sticky":false,"template":"","format":"standard","meta":{"footnotes":""},"categories":[1],"tags":[771,648,770,549,294,711,772,773],"class_list":["post-953","post","type-post","status-publish","format-standard","hentry","category-sem-categoria","tag-anfip","tag-auditores-fiscais","tag-contestam","tag-previdencia","tag-receita-federal","tag-reforma","tag-seguridade-social","tag-superavitaria"],"_links":{"self":[{"href":"https:\/\/blogs.correiobraziliense.com.br\/servidor\/wp-json\/wp\/v2\/posts\/953","targetHints":{"allow":["GET"]}}],"collection":[{"href":"https:\/\/blogs.correiobraziliense.com.br\/servidor\/wp-json\/wp\/v2\/posts"}],"about":[{"href":"https:\/\/blogs.correiobraziliense.com.br\/servidor\/wp-json\/wp\/v2\/types\/post"}],"author":[{"embeddable":true,"href":"https:\/\/blogs.correiobraziliense.com.br\/servidor\/wp-json\/wp\/v2\/users\/27"}],"replies":[{"embeddable":true,"href":"https:\/\/blogs.correiobraziliense.com.br\/servidor\/wp-json\/wp\/v2\/comments?post=953"}],"version-history":[{"count":1,"href":"https:\/\/blogs.correiobraziliense.com.br\/servidor\/wp-json\/wp\/v2\/posts\/953\/revisions"}],"predecessor-version":[{"id":954,"href":"https:\/\/blogs.correiobraziliense.com.br\/servidor\/wp-json\/wp\/v2\/posts\/953\/revisions\/954"}],"wp:attachment":[{"href":"https:\/\/blogs.correiobraziliense.com.br\/servidor\/wp-json\/wp\/v2\/media?parent=953"}],"wp:term":[{"taxonomy":"category","embeddable":true,"href":"https:\/\/blogs.correiobraziliense.com.br\/servidor\/wp-json\/wp\/v2\/categories?post=953"},{"taxonomy":"post_tag","embeddable":true,"href":"https:\/\/blogs.correiobraziliense.com.br\/servidor\/wp-json\/wp\/v2\/tags?post=953"}],"curies":[{"name":"wp","href":"https:\/\/api.w.org\/{rel}","templated":true}]}}