{"id":9527,"date":"2018-06-26T12:46:09","date_gmt":"2018-06-26T15:46:09","guid":{"rendered":"https:\/\/blogs.correiobraziliense.com.br\/servidor\/?p=9527"},"modified":"2018-06-26T12:55:05","modified_gmt":"2018-06-26T15:55:05","slug":"novo-portal-da-transparencia-do-governo-federal","status":"publish","type":"post","link":"https:\/\/blogs.correiobraziliense.com.br\/servidor\/novo-portal-da-transparencia-do-governo-federal\/","title":{"rendered":"Novo Portal da Transpar\u00eancia do Governo Federal"},"content":{"rendered":"<p>Nesta quinta-feira (28), o Minist\u00e9rio da Transpar\u00eancia e Controladoria-Geral da Uni\u00e3o (CGU) realizar\u00e1, em Bras\u00edlia (DF), o <a href=\"http:\/\/www.cgu.gov.br\/noticias\/2018\/06\/cgu-apresenta-inovacoes-e-melhorias-do-novo-portal-da-transparencia\"> evento de lan\u00e7amento do novo Portal da Transpar\u00eancia do Governo Federal<\/a>. As mudan\u00e7as focam na total integra\u00e7\u00e3o entre as consultas e bases de dados, ferramenta de busca, visualiza\u00e7\u00e3o e compara\u00e7\u00e3o em gr\u00e1ficos, melhor usabilidade e linguagem cidad\u00e3.<\/p>\n<p>A cerim\u00f4nia de abertura, a partir das 9h, contar\u00e1 com a presen\u00e7a de autoridades nacionais e internacionais, no audit\u00f3rio do Conselho Federal da OAB. A iniciativa \u00e9 aberta a todos os interessados, limitada \u00e0 capacidade de 250 vagas do audit\u00f3rio.<\/p>\n<p>O Portal da Transpar\u00eancia \u00e9 o mais abrangente banco de dados dispon\u00edvel \u00e0 popula\u00e7\u00e3o sobre a aplica\u00e7\u00e3o de recursos pelo governo federal, servindo de fonte de informa\u00e7\u00e3o \u00e0 imprensa com consultas sobre: transfer\u00eancias de recursos; execu\u00e7\u00e3o or\u00e7ament\u00e1ria e financeira; receitas e conv\u00eanios; informa\u00e7\u00f5es sobre mais de um milh\u00e3o de servidores (civis e militares); im\u00f3veis funcionais; consultas tem\u00e1ticas (Bolsa Fam\u00edlia, di\u00e1rias, Cart\u00e3o de Pagamento, transpar\u00eancia nos Estados e Munic\u00edpios); cadastros de puni\u00e7\u00f5es (empresas, organiza\u00e7\u00f5es sem fins lucrativos e servidores); entre outros.<\/p>\n","protected":false},"excerpt":{"rendered":"<p>Nesta quinta-feira (28), o Minist\u00e9rio da Transpar\u00eancia e Controladoria-Geral da Uni\u00e3o (CGU) realizar\u00e1, em Bras\u00edlia (DF), o evento de lan\u00e7amento do novo Portal da Transpar\u00eancia do Governo Federal. As mudan\u00e7as focam na total integra\u00e7\u00e3o entre as consultas e bases de dados, ferramenta de busca, visualiza\u00e7\u00e3o e compara\u00e7\u00e3o em gr\u00e1ficos, melhor usabilidade e linguagem cidad\u00e3. A cerim\u00f4nia de abertura, a partir [&hellip;]<\/p>\n","protected":false},"author":27,"featured_media":0,"comment_status":"open","ping_status":"closed","sticky":false,"template":"","format":"standard","meta":{"footnotes":""},"categories":[2719],"tags":[2035,167,1181,1317,318,545,12755,326,316,58],"class_list":["post-9527","post","type-post","status-publish","format-standard","hentry","category-servidor","tag-cgu","tag-dados","tag-imprensa","tag-lancamento","tag-orcamento","tag-populacao","tag-portal-da-transparencia-do-governo-federal","tag-receitas","tag-recursos","tag-servidores"],"_links":{"self":[{"href":"https:\/\/blogs.correiobraziliense.com.br\/servidor\/wp-json\/wp\/v2\/posts\/9527","targetHints":{"allow":["GET"]}}],"collection":[{"href":"https:\/\/blogs.correiobraziliense.com.br\/servidor\/wp-json\/wp\/v2\/posts"}],"about":[{"href":"https:\/\/blogs.correiobraziliense.com.br\/servidor\/wp-json\/wp\/v2\/types\/post"}],"author":[{"embeddable":true,"href":"https:\/\/blogs.correiobraziliense.com.br\/servidor\/wp-json\/wp\/v2\/users\/27"}],"replies":[{"embeddable":true,"href":"https:\/\/blogs.correiobraziliense.com.br\/servidor\/wp-json\/wp\/v2\/comments?post=9527"}],"version-history":[{"count":1,"href":"https:\/\/blogs.correiobraziliense.com.br\/servidor\/wp-json\/wp\/v2\/posts\/9527\/revisions"}],"predecessor-version":[{"id":9528,"href":"https:\/\/blogs.correiobraziliense.com.br\/servidor\/wp-json\/wp\/v2\/posts\/9527\/revisions\/9528"}],"wp:attachment":[{"href":"https:\/\/blogs.correiobraziliense.com.br\/servidor\/wp-json\/wp\/v2\/media?parent=9527"}],"wp:term":[{"taxonomy":"category","embeddable":true,"href":"https:\/\/blogs.correiobraziliense.com.br\/servidor\/wp-json\/wp\/v2\/categories?post=9527"},{"taxonomy":"post_tag","embeddable":true,"href":"https:\/\/blogs.correiobraziliense.com.br\/servidor\/wp-json\/wp\/v2\/tags?post=9527"}],"curies":[{"name":"wp","href":"https:\/\/api.w.org\/{rel}","templated":true}]}}