{"id":9519,"date":"2018-06-25T16:55:31","date_gmt":"2018-06-25T19:55:31","guid":{"rendered":"https:\/\/blogs.correiobraziliense.com.br\/servidor\/?p=9519"},"modified":"2018-06-25T16:55:31","modified_gmt":"2018-06-25T19:55:31","slug":"policia-federal-cria-e-mail-para-receber-denuncias-de-fraudes-sindicais","status":"publish","type":"post","link":"https:\/\/blogs.correiobraziliense.com.br\/servidor\/policia-federal-cria-e-mail-para-receber-denuncias-de-fraudes-sindicais\/","title":{"rendered":"Pol\u00edcia Federal cria e-mail para receber den\u00fancias de fraudes sindicais"},"content":{"rendered":"<p><em>O cidad\u00e3o que quiser fazer den\u00fancias de fraudes na concess\u00e3o de registros sindicais agora conta com um e-mail, criado pela Pol\u00edcia Federal, que funcionar\u00e1 pelo endere\u00e7o registroespurio@dpf.gov.br<\/em><\/p>\n<p>De acordo com a PF, \u00e9 importante que a pessoa se identifique e, se poss\u00edvel, anexe ao email documentos que comprovem as alega\u00e7\u00f5es. A PF garante que se o denunciante preferir, o sigilo da fonte ser\u00e1 preservado.<\/p>\n<p>O novo canal de comunica\u00e7\u00e3o faz parte da Opera\u00e7\u00e3o Registro Esp\u00fario, para apurar o envolvimento de parlamentares e servidores p\u00fablicos em fraudes no sistema de registros sindicais.<\/p>\n<p>Segundo as investiga\u00e7\u00f5es policiais, as an\u00e1lises dos processos eram direcionadas para favorecer entidades que ofertavam vantagens indevidas aos integrantes da organiza\u00e7\u00e3o criminosa.<\/p>\n<p>O delegado Leo Garrido de Salles Meira, respons\u00e1vel pela opera\u00e7\u00e3o, explica o objetivo da iniciativa. \u201cDepois que a opera\u00e7\u00e3o foi deflagrada, muitas pessoas nos procuraram para relatar fatos criminosos ocorridos no \u00e2mbito do Minist\u00e9rio do Trabalho. Por isso decidimos criar esse e-mail, a fim de facilitar o encaminhamento das den\u00fancias\u201d, destaca.<\/p>\n","protected":false},"excerpt":{"rendered":"<p>O cidad\u00e3o que quiser fazer den\u00fancias de fraudes na concess\u00e3o de registros sindicais agora conta com um e-mail, criado pela Pol\u00edcia Federal, que funcionar\u00e1 pelo endere\u00e7o registroespurio@dpf.gov.br De acordo com a PF, \u00e9 importante que a pessoa se identifique e, se poss\u00edvel, anexe ao email documentos que comprovem as alega\u00e7\u00f5es. A PF garante que se o denunciante preferir, o sigilo [&hellip;]<\/p>\n","protected":false},"author":27,"featured_media":0,"comment_status":"open","ping_status":"closed","sticky":false,"template":"","format":"standard","meta":{"footnotes":""},"categories":[2719],"tags":[12744,457,760,6955,1011,12745,104,7348,6516,1260],"class_list":["post-9519","post","type-post","status-publish","format-standard","hentry","category-servidor","tag-denunciante","tag-denuncias","tag-documentos","tag-e-mail","tag-fraudes","tag-operacao-registro-espurio","tag-policia-federal","tag-registros","tag-sigilo","tag-sindicais"],"_links":{"self":[{"href":"https:\/\/blogs.correiobraziliense.com.br\/servidor\/wp-json\/wp\/v2\/posts\/9519","targetHints":{"allow":["GET"]}}],"collection":[{"href":"https:\/\/blogs.correiobraziliense.com.br\/servidor\/wp-json\/wp\/v2\/posts"}],"about":[{"href":"https:\/\/blogs.correiobraziliense.com.br\/servidor\/wp-json\/wp\/v2\/types\/post"}],"author":[{"embeddable":true,"href":"https:\/\/blogs.correiobraziliense.com.br\/servidor\/wp-json\/wp\/v2\/users\/27"}],"replies":[{"embeddable":true,"href":"https:\/\/blogs.correiobraziliense.com.br\/servidor\/wp-json\/wp\/v2\/comments?post=9519"}],"version-history":[{"count":1,"href":"https:\/\/blogs.correiobraziliense.com.br\/servidor\/wp-json\/wp\/v2\/posts\/9519\/revisions"}],"predecessor-version":[{"id":9520,"href":"https:\/\/blogs.correiobraziliense.com.br\/servidor\/wp-json\/wp\/v2\/posts\/9519\/revisions\/9520"}],"wp:attachment":[{"href":"https:\/\/blogs.correiobraziliense.com.br\/servidor\/wp-json\/wp\/v2\/media?parent=9519"}],"wp:term":[{"taxonomy":"category","embeddable":true,"href":"https:\/\/blogs.correiobraziliense.com.br\/servidor\/wp-json\/wp\/v2\/categories?post=9519"},{"taxonomy":"post_tag","embeddable":true,"href":"https:\/\/blogs.correiobraziliense.com.br\/servidor\/wp-json\/wp\/v2\/tags?post=9519"}],"curies":[{"name":"wp","href":"https:\/\/api.w.org\/{rel}","templated":true}]}}