{"id":9513,"date":"2018-06-25T15:41:40","date_gmt":"2018-06-25T18:41:40","guid":{"rendered":"https:\/\/blogs.correiobraziliense.com.br\/servidor\/?p=9513"},"modified":"2018-06-25T15:41:40","modified_gmt":"2018-06-25T18:41:40","slug":"mdh-lanca-programa-de-educacao-continuada-em-direitos-humanos","status":"publish","type":"post","link":"https:\/\/blogs.correiobraziliense.com.br\/servidor\/mdh-lanca-programa-de-educacao-continuada-em-direitos-humanos\/","title":{"rendered":"MDH lan\u00e7a Programa de Educa\u00e7\u00e3o Continuada em Direitos Humanos"},"content":{"rendered":"<p>O Minist\u00e9rio dos Direitos Humanos, por meio da Secretaria Nacional de Cidadania e em parceria com a Escola Nacional de Administra\u00e7\u00e3o P\u00fablica (Enap), lan\u00e7ar\u00e1 no pr\u00f3ximo dia 26 de junho o\u00a0Programa Nacional de Educa\u00e7\u00e3o Continuada em Direitos Humanos (PNEC_DH). A a\u00e7\u00e3o inclui a oferta de seis cursos a dist\u00e2ncia de curta e m\u00e9dia dura\u00e7\u00e3o<\/p>\n<p>\u201cA implementa\u00e7\u00e3o do PNEC_DH possibilitar\u00e1 a amplia\u00e7\u00e3o do alcance das iniciativas de forma\u00e7\u00e3o e capilariza\u00e7\u00e3o, conferindo identidade \u00e0 pol\u00edtica p\u00fablica dos Direitos Humanos no Brasil\u201d, destaca o ministro dos Direitos Humanos, Gustavo Rocha.<\/p>\n<p>Os cursos abrangem os temas: Promo\u00e7\u00e3o e Defesa dos Direitos da Popula\u00e7\u00e3o LGBT, Educa\u00e7\u00e3o em Direitos Humanos; Direitos Humanos: Uma Declara\u00e7\u00e3o Universal; Promo\u00e7\u00e3o dos Direitos para a Popula\u00e7\u00e3o em Situa\u00e7\u00e3o de Rua; Forma\u00e7\u00e3o de Conselheiros em Direitos Humanos; Promo\u00e7\u00e3o dos Direitos da Pessoa Idosa. A carga hor\u00e1ria varia entre 20h e 30h de dura\u00e7\u00e3o.<\/p>\n<p>Os cursos ser\u00e3o disponibilizados na plataforma da Escola Virtual de Governo (EV.G) e destinam-se a servidores p\u00fablicos, educadores, conselheiros, lideran\u00e7as comunit\u00e1rias, popula\u00e7\u00e3o em situa\u00e7\u00e3o de vulnerabilidade e demais interessados que buscam conhecimentos sobre a tem\u00e1tica dos Direitos Humanos.<\/p>\n<p>&nbsp;<\/p>\n<p><a href=\"https:\/\/evg.gov.br\/catalogo\">Cat\u00e1logo de cursos do PNEC_DH &#8211; Site da Escola Virtual de Governo<\/a><\/p>\n<p>&nbsp;<\/p>\n<p><strong>Servi\u00e7o<\/strong><\/p>\n<p>Lan\u00e7amento do PNEC_DH<\/p>\n<p>Data: 26 de junho (ter\u00e7a-feira)<\/p>\n<p>Hor\u00e1rio: 10h<\/p>\n<p>Local: Edif\u00edcio Parque da Cidade Corporate<\/p>\n<p>&nbsp;<\/p>\n","protected":false},"excerpt":{"rendered":"<p>O Minist\u00e9rio dos Direitos Humanos, por meio da Secretaria Nacional de Cidadania e em parceria com a Escola Nacional de Administra\u00e7\u00e3o P\u00fablica (Enap), lan\u00e7ar\u00e1 no pr\u00f3ximo dia 26 de junho o\u00a0Programa Nacional de Educa\u00e7\u00e3o Continuada em Direitos Humanos (PNEC_DH). A a\u00e7\u00e3o inclui a oferta de seis cursos a dist\u00e2ncia de curta e m\u00e9dia dura\u00e7\u00e3o \u201cA implementa\u00e7\u00e3o do PNEC_DH possibilitar\u00e1 a [&hellip;]<\/p>\n","protected":false},"author":27,"featured_media":0,"comment_status":"open","ping_status":"closed","sticky":false,"template":"","format":"standard","meta":{"footnotes":""},"categories":[2719],"tags":[5209,4342,10435,308,4443,12740,12742,12741],"class_list":["post-9513","post","type-post","status-publish","format-standard","hentry","category-servidor","tag-direitos-humanos","tag-distancia","tag-duracao","tag-enap","tag-formacao","tag-mdh","tag-pnec-dh","tag-programa-educacao-continuada"],"_links":{"self":[{"href":"https:\/\/blogs.correiobraziliense.com.br\/servidor\/wp-json\/wp\/v2\/posts\/9513","targetHints":{"allow":["GET"]}}],"collection":[{"href":"https:\/\/blogs.correiobraziliense.com.br\/servidor\/wp-json\/wp\/v2\/posts"}],"about":[{"href":"https:\/\/blogs.correiobraziliense.com.br\/servidor\/wp-json\/wp\/v2\/types\/post"}],"author":[{"embeddable":true,"href":"https:\/\/blogs.correiobraziliense.com.br\/servidor\/wp-json\/wp\/v2\/users\/27"}],"replies":[{"embeddable":true,"href":"https:\/\/blogs.correiobraziliense.com.br\/servidor\/wp-json\/wp\/v2\/comments?post=9513"}],"version-history":[{"count":1,"href":"https:\/\/blogs.correiobraziliense.com.br\/servidor\/wp-json\/wp\/v2\/posts\/9513\/revisions"}],"predecessor-version":[{"id":9514,"href":"https:\/\/blogs.correiobraziliense.com.br\/servidor\/wp-json\/wp\/v2\/posts\/9513\/revisions\/9514"}],"wp:attachment":[{"href":"https:\/\/blogs.correiobraziliense.com.br\/servidor\/wp-json\/wp\/v2\/media?parent=9513"}],"wp:term":[{"taxonomy":"category","embeddable":true,"href":"https:\/\/blogs.correiobraziliense.com.br\/servidor\/wp-json\/wp\/v2\/categories?post=9513"},{"taxonomy":"post_tag","embeddable":true,"href":"https:\/\/blogs.correiobraziliense.com.br\/servidor\/wp-json\/wp\/v2\/tags?post=9513"}],"curies":[{"name":"wp","href":"https:\/\/api.w.org\/{rel}","templated":true}]}}