{"id":9503,"date":"2018-06-22T18:56:20","date_gmt":"2018-06-22T21:56:20","guid":{"rendered":"https:\/\/blogs.correiobraziliense.com.br\/servidor\/?p=9503"},"modified":"2018-06-22T18:56:20","modified_gmt":"2018-06-22T21:56:20","slug":"servidores-ocupam-gabinete-de-secretaria-do-gdf-em-protesto-contra-terceirizacao","status":"publish","type":"post","link":"https:\/\/blogs.correiobraziliense.com.br\/servidor\/servidores-ocupam-gabinete-de-secretaria-do-gdf-em-protesto-contra-terceirizacao\/","title":{"rendered":"Servidores ocupam gabinete de secretaria do GDF em protesto contra terceiriza\u00e7\u00e3o"},"content":{"rendered":"<p><em>Trabalhadores tentam impedir medidas para terceirizar unidade de acolhimento e servi\u00e7o de preenchimento de cadastros<\/em><\/p>\n<p dir=\"ltr\">Diante da inten\u00e7\u00e3o do Governo do Distrito Federal (GDF) em terceirizar os servi\u00e7os da Unidade de Acolhimento para Adultos e Fam\u00edlias (Unaf) do Areal, servidores da assist\u00eancia social do DF fizeram uma manifesta\u00e7\u00e3o na quinta-feira (21). Cerca de 100 trabalhadores ocuparam o gabinete da Secretaria de Estado do Trabalho, Desenvolvimento Social, Mulheres, Igualdade Racial e Direitos Humanos (Sedestmidh). Ap\u00f3s a ocupa\u00e7\u00e3o, o secret\u00e1rio-adjunto da pasta, Thales Mendes recebeu, em reuni\u00e3o, o presidente do Sindicato dos Servidores da Assist\u00eancia Social do GDF (Sindsasc), Clayton Avelar.<\/p>\n<p dir=\"ltr\">\u201cDeixamos claro para o secret\u00e1rio que os servidores da assist\u00eancia social n\u00e3o v\u00e3o aceitar a terceiriza\u00e7\u00e3o da Unaf nem do servi\u00e7o referente aos cadastros \u00fanicos da Sedestmidh. O secret\u00e1rio foi evasivo, mas disse que o plano n\u00e3o est\u00e1 descartado. N\u00f3s sabemos da inten\u00e7\u00e3o do governo fazer a terceiriza\u00e7\u00e3o\u201d, afirma Clayton.<\/p>\n<p dir=\"ltr\">Dentro da estrutura da assist\u00eancia social do DF, a Unaf \u00e9 uma unidade de abrigo voltada a grupos familiares; homens adultos, idosos ou com defici\u00eancia f\u00edsica em situa\u00e7\u00e3o de desabrigo. O servi\u00e7o faz acolhimento tempor\u00e1rio de at\u00e9 90 dias ou per\u00edodo superior \u2013 caso seja julgado por especialistas -, no abrigo localizado no Areal.<\/p>\n<p dir=\"ltr\"><strong>Cadastramento terceirizado<\/strong><\/p>\n<p dir=\"ltr\">Al\u00e9m da inten\u00e7\u00e3o em terceirizar a Unaf, o GDF possui, em andamento, o Edital de Chamamento P\u00fablico N\u00b0 13 de 2017 (Reeditado), publicado pela Sedestmidh em junho deste ano. O documento conclama Organiza\u00e7\u00f5es da Sociedade Civil (OSC) para a execu\u00e7\u00e3o do trabalho de preenchimento de cadastros de cidad\u00e3os que recorrem aos servi\u00e7os de assist\u00eancia social no DF. A medida tamb\u00e9m \u00e9 alvo de indigna\u00e7\u00e3o entre os servidores, j\u00e1 que configura outra maneira de terceiriza\u00e7\u00e3o e promove um esvaziamento da categoria.<\/p>\n<p>&nbsp;<\/p>\n","protected":false},"excerpt":{"rendered":"<p>Trabalhadores tentam impedir medidas para terceirizar unidade de acolhimento e servi\u00e7o de preenchimento de cadastros Diante da inten\u00e7\u00e3o do Governo do Distrito Federal (GDF) em terceirizar os servi\u00e7os da Unidade de Acolhimento para Adultos e Fam\u00edlias (Unaf) do Areal, servidores da assist\u00eancia social do DF fizeram uma manifesta\u00e7\u00e3o na quinta-feira (21). Cerca de 100 trabalhadores ocuparam o gabinete da Secretaria [&hellip;]<\/p>\n","protected":false},"author":27,"featured_media":0,"comment_status":"open","ping_status":"closed","sticky":false,"template":"","format":"standard","meta":{"footnotes":""},"categories":[2719],"tags":[12731,1092,12732,2108,86,12733,382,4875,3385,2692,5204,443,2559,12734,718,2082,11948,58,11776,1251,12730,2906],"class_list":["post-9503","post","type-post","status-publish","format-standard","hentry","category-servidor","tag-abrigo","tag-acolhimento","tag-adultos","tag-assistencia-social","tag-cadastro","tag-deficiencia-fisica","tag-especialistas","tag-familiares","tag-gabinete","tag-gdf","tag-grupos","tag-idosos","tag-ocupam","tag-osc","tag-protesto","tag-secretaria","tag-sedestmidh","tag-servidores","tag-sindsasc","tag-terceirizacao","tag-unaf","tag-unidade"],"_links":{"self":[{"href":"https:\/\/blogs.correiobraziliense.com.br\/servidor\/wp-json\/wp\/v2\/posts\/9503","targetHints":{"allow":["GET"]}}],"collection":[{"href":"https:\/\/blogs.correiobraziliense.com.br\/servidor\/wp-json\/wp\/v2\/posts"}],"about":[{"href":"https:\/\/blogs.correiobraziliense.com.br\/servidor\/wp-json\/wp\/v2\/types\/post"}],"author":[{"embeddable":true,"href":"https:\/\/blogs.correiobraziliense.com.br\/servidor\/wp-json\/wp\/v2\/users\/27"}],"replies":[{"embeddable":true,"href":"https:\/\/blogs.correiobraziliense.com.br\/servidor\/wp-json\/wp\/v2\/comments?post=9503"}],"version-history":[{"count":1,"href":"https:\/\/blogs.correiobraziliense.com.br\/servidor\/wp-json\/wp\/v2\/posts\/9503\/revisions"}],"predecessor-version":[{"id":9504,"href":"https:\/\/blogs.correiobraziliense.com.br\/servidor\/wp-json\/wp\/v2\/posts\/9503\/revisions\/9504"}],"wp:attachment":[{"href":"https:\/\/blogs.correiobraziliense.com.br\/servidor\/wp-json\/wp\/v2\/media?parent=9503"}],"wp:term":[{"taxonomy":"category","embeddable":true,"href":"https:\/\/blogs.correiobraziliense.com.br\/servidor\/wp-json\/wp\/v2\/categories?post=9503"},{"taxonomy":"post_tag","embeddable":true,"href":"https:\/\/blogs.correiobraziliense.com.br\/servidor\/wp-json\/wp\/v2\/tags?post=9503"}],"curies":[{"name":"wp","href":"https:\/\/api.w.org\/{rel}","templated":true}]}}