{"id":9499,"date":"2018-06-22T18:42:12","date_gmt":"2018-06-22T21:42:12","guid":{"rendered":"https:\/\/blogs.correiobraziliense.com.br\/servidor\/?p=9499"},"modified":"2018-06-22T18:42:12","modified_gmt":"2018-06-22T21:42:12","slug":"museu-correios-exibe-mostra-do-artista-antonio-carlos-elias","status":"publish","type":"post","link":"https:\/\/blogs.correiobraziliense.com.br\/servidor\/museu-correios-exibe-mostra-do-artista-antonio-carlos-elias\/","title":{"rendered":"Museu Correios exibe mostra do artista Antonio Carlos Elias"},"content":{"rendered":"<p><em>A produ\u00e7\u00e3o recente de um dos artistas mais interessantes de Bras\u00edlia poder\u00e1 ser apreciada na exposi\u00e7\u00e3o Ur\u00f4melos, coelhinhos e quimeras: trabalhos recentes de Ant\u00f4nio Carlos Elias, em cartaz no Museu Correios, de 22 de junho a 16 de setembro<\/em><\/p>\n<p>Nos anos 1980, Elias se dedicou a trabalhos bidimensionais: pinturas e desenhos. Nos anos 1990 surgiram instala\u00e7\u00f5es que incorporavam objetos e esculturas tridimensionais ao meio ambiente. Depois de 2010 a pintura retornou. Ur\u00f4melos, coelhinhos e quimeras traz uma uni\u00e3o da bidimensionalidade com a tridimensionalidade (esculturas e objetos) atrav\u00e9s de um conceito que \u00e9 criado para as instala\u00e7\u00f5es, iniciados e complementados por pinturas. Ur\u00f4melo \u00e9 um monstro mitol\u00f3gico com dois membros abdominais, finalizados por um p\u00e9 \u00fanico com a ponta virada para frente.<\/p>\n<p>A exposi\u00e7\u00e3o tamb\u00e9m prev\u00ea uma palestra com o artista e a curadora Renata Azambuja e o lan\u00e7amento de um cat\u00e1logo bil\u00edng\u00fce, no dia 1\u00ba de setembro, \u00e0s 16h, no Museu Correios, com entrada franca.<\/p>\n<p><strong>Servi\u00e7o<\/strong><\/p>\n<p>Exposi\u00e7\u00e3o Ur\u00f4melos, coelhinhos e quimeras: trabalhos recentes de Ant\u00f4nio Carlos Elias<\/p>\n<p>De 22\/6 a 16\/9\/2018<\/p>\n<p>Local: Museu Correios<\/p>\n<p>Setor Comercial Sul Quadra 4 bloco A, Edif\u00edcio Apolo<\/p>\n<p>Entrada Franca<\/p>\n","protected":false},"excerpt":{"rendered":"<p>A produ\u00e7\u00e3o recente de um dos artistas mais interessantes de Bras\u00edlia poder\u00e1 ser apreciada na exposi\u00e7\u00e3o Ur\u00f4melos, coelhinhos e quimeras: trabalhos recentes de Ant\u00f4nio Carlos Elias, em cartaz no Museu Correios, de 22 de junho a 16 de setembro Nos anos 1980, Elias se dedicou a trabalhos bidimensionais: pinturas e desenhos. Nos anos 1990 surgiram instala\u00e7\u00f5es que incorporavam objetos e [&hellip;]<\/p>\n","protected":false},"author":27,"featured_media":0,"comment_status":"open","ping_status":"closed","sticky":false,"template":"","format":"standard","meta":{"footnotes":""},"categories":[2719],"tags":[12720,7483,12726,7538,12723,12724,1924,7067,12728,12727,1923,12719,9004,12722,12725,12721],"class_list":["post-9499","post","type-post","status-publish","format-standard","hentry","category-servidor","tag-antonio-carlos-elias","tag-artista","tag-bidimensionalidade","tag-conceito","tag-desenhos","tag-esculturas","tag-exposicao","tag-instalacoes","tag-mitologico","tag-monstro","tag-mostra","tag-museu-correios","tag-objetos","tag-pinturas","tag-tridimentsionais","tag-uromelos"],"_links":{"self":[{"href":"https:\/\/blogs.correiobraziliense.com.br\/servidor\/wp-json\/wp\/v2\/posts\/9499","targetHints":{"allow":["GET"]}}],"collection":[{"href":"https:\/\/blogs.correiobraziliense.com.br\/servidor\/wp-json\/wp\/v2\/posts"}],"about":[{"href":"https:\/\/blogs.correiobraziliense.com.br\/servidor\/wp-json\/wp\/v2\/types\/post"}],"author":[{"embeddable":true,"href":"https:\/\/blogs.correiobraziliense.com.br\/servidor\/wp-json\/wp\/v2\/users\/27"}],"replies":[{"embeddable":true,"href":"https:\/\/blogs.correiobraziliense.com.br\/servidor\/wp-json\/wp\/v2\/comments?post=9499"}],"version-history":[{"count":1,"href":"https:\/\/blogs.correiobraziliense.com.br\/servidor\/wp-json\/wp\/v2\/posts\/9499\/revisions"}],"predecessor-version":[{"id":9500,"href":"https:\/\/blogs.correiobraziliense.com.br\/servidor\/wp-json\/wp\/v2\/posts\/9499\/revisions\/9500"}],"wp:attachment":[{"href":"https:\/\/blogs.correiobraziliense.com.br\/servidor\/wp-json\/wp\/v2\/media?parent=9499"}],"wp:term":[{"taxonomy":"category","embeddable":true,"href":"https:\/\/blogs.correiobraziliense.com.br\/servidor\/wp-json\/wp\/v2\/categories?post=9499"},{"taxonomy":"post_tag","embeddable":true,"href":"https:\/\/blogs.correiobraziliense.com.br\/servidor\/wp-json\/wp\/v2\/tags?post=9499"}],"curies":[{"name":"wp","href":"https:\/\/api.w.org\/{rel}","templated":true}]}}