{"id":9495,"date":"2018-06-21T22:30:29","date_gmt":"2018-06-22T01:30:29","guid":{"rendered":"https:\/\/blogs.correiobraziliense.com.br\/servidor\/?p=9495"},"modified":"2018-06-21T22:30:29","modified_gmt":"2018-06-22T01:30:29","slug":"mpog-orgaos-publicos-funcionarao-durante-os-jogos-do-brasil-na-copa-do-mundo","status":"publish","type":"post","link":"https:\/\/blogs.correiobraziliense.com.br\/servidor\/mpog-orgaos-publicos-funcionarao-durante-os-jogos-do-brasil-na-copa-do-mundo\/","title":{"rendered":"MPOG &#8211; \u00d3rg\u00e3os p\u00fablicos funcionar\u00e3o durante os jogos do Brasil na Copa do Mundo"},"content":{"rendered":"<p><em>Portaria do Minist\u00e9rio do Planejamento permite que servidores optem por assistir aos jogos em casa e compensar horas n\u00e3o trabalhadas, ou continuar com atividades profissionais regularmente<\/em><\/p>\n<p>Por meio de nota, o \u00f3rg\u00e3o informou que, em fun\u00e7\u00e3o de liminares judiciais que concederam a algumas categorias de servidores a faculdade de trabalharem ou n\u00e3o no hor\u00e1rio dos jogos do Brasil na Copa 2018, e para manter a uniformidade e a racionalidade no funcionamento dos mais de 200 \u00f3rg\u00e3os da Administra\u00e7\u00e3o P\u00fablica Federal (APF), o Minist\u00e9rio do Planejamento, Desenvolvimento e Gest\u00e3o (MP) editar\u00e1 nova portaria estabelecendo hor\u00e1rio especial de expediente, requerendo a compensa\u00e7\u00e3o das horas n\u00e3o trabalhadas.<\/p>\n<p>Veja a nota;<\/p>\n<p>&#8220;A portaria ser\u00e1 publicada no Di\u00e1rio Oficial da Uni\u00e3o (DOU) desta sexta-feira (22).<\/p>\n<p>Os \u00f3rg\u00e3os e entidades da Administra\u00e7\u00e3o P\u00fablica Federal dever\u00e3o permanecer abertos no hor\u00e1rio dos jogos da Sele\u00e7\u00e3o Brasileira de Futebol durante a Copa do Mundo Fifa 2018. A medida possibilita aos servidores p\u00fablicos optarem por assistir \u00e0s partidas\u00a0fora do \u00f3rg\u00e3o p\u00fablico e depois compensarem as horas n\u00e3o trabalhadas,\u00a0ou continuarem as suas atividades\u00a0profissionais regularmente nas reparti\u00e7\u00f5es.<\/p>\n<p>A\u00a0portaria\u00a0mant\u00e9m a orienta\u00e7\u00e3o de que\u00a0os servi\u00e7os considerados\u00a0essenciais n\u00e3o podem ser interrompidos. Os dirigentes do governo federal dever\u00e3o garantir a continuidade e funcionamento dos \u00f3rg\u00e3os que prestam este tipo de servi\u00e7o.<\/p>\n<p>Nos dias em que os jogos forem realizados pela manh\u00e3, os servidores v\u00e3o poder come\u00e7ar a trabalhar a partir das 14h. J\u00e1 quando as partidas da sele\u00e7\u00e3o ocorrerem \u00e0 tarde, o per\u00edodo de trabalho poder\u00e1 ser encerrado \u00e0s 13h.<\/p>\n<p>O prazo para compensa\u00e7\u00e3o vai at\u00e9 o dia 31 de outubro.&#8221;<\/p>\n","protected":false},"excerpt":{"rendered":"<p>Portaria do Minist\u00e9rio do Planejamento permite que servidores optem por assistir aos jogos em casa e compensar horas n\u00e3o trabalhadas, ou continuar com atividades profissionais regularmente Por meio de nota, o \u00f3rg\u00e3o informou que, em fun\u00e7\u00e3o de liminares judiciais que concederam a algumas categorias de servidores a faculdade de trabalharem ou n\u00e3o no hor\u00e1rio dos jogos do Brasil na Copa [&hellip;]<\/p>\n","protected":false},"author":27,"featured_media":0,"comment_status":"open","ping_status":"closed","sticky":false,"template":"","format":"standard","meta":{"footnotes":""},"categories":[2719],"tags":[463,164,3183,4699,2741,2674,2421,1890,1167,1075,24,58],"class_list":["post-9495","post","type-post","status-publish","format-standard","hentry","category-servidor","tag-atividades","tag-brasil","tag-compensar","tag-copa-do-mundo","tag-funcionarao","tag-jogos","tag-mpog","tag-orgaos","tag-portaria","tag-profissionais","tag-publicos","tag-servidores"],"_links":{"self":[{"href":"https:\/\/blogs.correiobraziliense.com.br\/servidor\/wp-json\/wp\/v2\/posts\/9495","targetHints":{"allow":["GET"]}}],"collection":[{"href":"https:\/\/blogs.correiobraziliense.com.br\/servidor\/wp-json\/wp\/v2\/posts"}],"about":[{"href":"https:\/\/blogs.correiobraziliense.com.br\/servidor\/wp-json\/wp\/v2\/types\/post"}],"author":[{"embeddable":true,"href":"https:\/\/blogs.correiobraziliense.com.br\/servidor\/wp-json\/wp\/v2\/users\/27"}],"replies":[{"embeddable":true,"href":"https:\/\/blogs.correiobraziliense.com.br\/servidor\/wp-json\/wp\/v2\/comments?post=9495"}],"version-history":[{"count":1,"href":"https:\/\/blogs.correiobraziliense.com.br\/servidor\/wp-json\/wp\/v2\/posts\/9495\/revisions"}],"predecessor-version":[{"id":9496,"href":"https:\/\/blogs.correiobraziliense.com.br\/servidor\/wp-json\/wp\/v2\/posts\/9495\/revisions\/9496"}],"wp:attachment":[{"href":"https:\/\/blogs.correiobraziliense.com.br\/servidor\/wp-json\/wp\/v2\/media?parent=9495"}],"wp:term":[{"taxonomy":"category","embeddable":true,"href":"https:\/\/blogs.correiobraziliense.com.br\/servidor\/wp-json\/wp\/v2\/categories?post=9495"},{"taxonomy":"post_tag","embeddable":true,"href":"https:\/\/blogs.correiobraziliense.com.br\/servidor\/wp-json\/wp\/v2\/tags?post=9495"}],"curies":[{"name":"wp","href":"https:\/\/api.w.org\/{rel}","templated":true}]}}