{"id":9482,"date":"2018-06-20T16:54:41","date_gmt":"2018-06-20T19:54:41","guid":{"rendered":"https:\/\/blogs.correiobraziliense.com.br\/servidor\/?p=9482"},"modified":"2018-06-20T16:54:41","modified_gmt":"2018-06-20T19:54:41","slug":"supremo-acerta-ao-decidir-que-delegados-podem-firmar-acordos-de-delacao-afirma-presidente-da-adpf","status":"publish","type":"post","link":"https:\/\/blogs.correiobraziliense.com.br\/servidor\/supremo-acerta-ao-decidir-que-delegados-podem-firmar-acordos-de-delacao-afirma-presidente-da-adpf\/","title":{"rendered":"Supremo acerta ao decidir que delegados podem firmar acordos de dela\u00e7\u00e3o, afirma presidente da ADPF"},"content":{"rendered":"<p><em>O presidente da Associa\u00e7\u00e3o Nacional dos Delegados de Pol\u00edcia Federal (ADPF), Edvandir Felix de Paiva, comemorou a decis\u00e3o de hoje (20) do Supremo Tribunal Federal (STF), que permite aos delegados de pol\u00edcia firmarem acordos de dela\u00e7\u00e3o premiada<\/em><\/p>\n<p>De acordo com ele, prevaleceu a aplica\u00e7\u00e3o t\u00e9cnica do Direito e foi respeitado o que est\u00e1 previsto na legisla\u00e7\u00e3o que trata do tema.<\/p>\n<p>\u201cN\u00e3o haveria porque retirar da Pol\u00edcia Federal um dos mais importantes instrumentos de investiga\u00e7\u00e3o, expressamente previsto pelo legislador. Agora n\u00e3o existem mais motivos para haver rusgas entre as institui\u00e7\u00f5es nesse sentido. O Supremo deixou claro: o delegado de pol\u00edcia celebra o acordo, o Minist\u00e9rio P\u00fablico opina e o Judici\u00e1rio decide&#8221;, destacou o presidente da ADPF.<\/p>\n","protected":false},"excerpt":{"rendered":"<p>O presidente da Associa\u00e7\u00e3o Nacional dos Delegados de Pol\u00edcia Federal (ADPF), Edvandir Felix de Paiva, comemorou a decis\u00e3o de hoje (20) do Supremo Tribunal Federal (STF), que permite aos delegados de pol\u00edcia firmarem acordos de dela\u00e7\u00e3o premiada De acordo com ele, prevaleceu a aplica\u00e7\u00e3o t\u00e9cnica do Direito e foi respeitado o que est\u00e1 previsto na legisla\u00e7\u00e3o que trata do tema. [&hellip;]<\/p>\n","protected":false},"author":27,"featured_media":0,"comment_status":"open","ping_status":"closed","sticky":false,"template":"","format":"standard","meta":{"footnotes":""},"categories":[2719],"tags":[12714,2047,348,519,5109,232,722,2092,12713],"class_list":["post-9482","post","type-post","status-publish","format-standard","hentry","category-servidor","tag-acerta","tag-acordos","tag-adpf","tag-decidir","tag-delacao","tag-delegados","tag-investigacao","tag-legislacao","tag-supremo-stf"],"_links":{"self":[{"href":"https:\/\/blogs.correiobraziliense.com.br\/servidor\/wp-json\/wp\/v2\/posts\/9482","targetHints":{"allow":["GET"]}}],"collection":[{"href":"https:\/\/blogs.correiobraziliense.com.br\/servidor\/wp-json\/wp\/v2\/posts"}],"about":[{"href":"https:\/\/blogs.correiobraziliense.com.br\/servidor\/wp-json\/wp\/v2\/types\/post"}],"author":[{"embeddable":true,"href":"https:\/\/blogs.correiobraziliense.com.br\/servidor\/wp-json\/wp\/v2\/users\/27"}],"replies":[{"embeddable":true,"href":"https:\/\/blogs.correiobraziliense.com.br\/servidor\/wp-json\/wp\/v2\/comments?post=9482"}],"version-history":[{"count":1,"href":"https:\/\/blogs.correiobraziliense.com.br\/servidor\/wp-json\/wp\/v2\/posts\/9482\/revisions"}],"predecessor-version":[{"id":9483,"href":"https:\/\/blogs.correiobraziliense.com.br\/servidor\/wp-json\/wp\/v2\/posts\/9482\/revisions\/9483"}],"wp:attachment":[{"href":"https:\/\/blogs.correiobraziliense.com.br\/servidor\/wp-json\/wp\/v2\/media?parent=9482"}],"wp:term":[{"taxonomy":"category","embeddable":true,"href":"https:\/\/blogs.correiobraziliense.com.br\/servidor\/wp-json\/wp\/v2\/categories?post=9482"},{"taxonomy":"post_tag","embeddable":true,"href":"https:\/\/blogs.correiobraziliense.com.br\/servidor\/wp-json\/wp\/v2\/tags?post=9482"}],"curies":[{"name":"wp","href":"https:\/\/api.w.org\/{rel}","templated":true}]}}