{"id":948,"date":"2016-02-10T15:40:04","date_gmt":"2016-02-10T17:40:04","guid":{"rendered":"https:\/\/blogs.correiobraziliense.com.br\/servidor\/?p=948"},"modified":"2016-02-10T15:40:04","modified_gmt":"2016-02-10T17:40:04","slug":"entidades-encaminham-a-presidencia-e-a-casa-civil-lista-triplice-para-a-agu","status":"publish","type":"post","link":"https:\/\/blogs.correiobraziliense.com.br\/servidor\/entidades-encaminham-a-presidencia-e-a-casa-civil-lista-triplice-para-a-agu\/","title":{"rendered":"ENTIDADES ENCAMINHAM \u00c0 PRESID\u00caNCIA E \u00c0 CASA CIVIL LISTA TR\u00cdPLICE PARA A AGU"},"content":{"rendered":"<p><em>A lista tr\u00edplice \u00e9 uma reivindica\u00e7\u00e3o antiga das carreiras para eleger &#8220;um advogado p\u00fablico federal qualificado&#8221;. Diante das not\u00edcias veiculadas na imprensa sobre a prov\u00e1vel sa\u00edda do advogado-geral da Uni\u00e3o, Lu\u00eds In\u00e1cio Adams, as entidades aproveitaram a ocasi\u00e3o para a apresenta\u00e7\u00e3o de\u00a0membros das carreiras da AGU para ocupa\u00e7\u00e3o do cargo m\u00e1ximo.<\/em><\/p>\n<p>&nbsp;<\/p>\n<p>Na sexta-feira (05\/02), a\u00a0UNAFE\/ANPAF (ANAFE), o SINPROFAZ e a APBC protocolaram, na Presid\u00eancia da Rep\u00fablica e na Casa Civil, of\u00edcio conjunto informando que v\u00e3o encaminhar uma lista tr\u00edplice para\u00a0subsidiar a escolha do pr\u00f3ximo ocupante do cargo m\u00e1ximo da Advocacia-Geral da Uni\u00e3o (AGU).<\/p>\n<p>De acordo com\u00a0as entidades, o objetivo\u00a0\u00e9 de tornar transparente e democr\u00e1tico o processo de nomea\u00e7\u00e3o do mais alto cargo da institui\u00e7\u00e3o. Nos of\u00edcios, explicam que a lista ser\u00e1 formulada por meio de vota\u00e7\u00e3o ampla dos membros da Advocacia-Geral da Uni\u00e3o, sendo composta pelos tr\u00eas mais votados pelos seus pares.<\/p>\n<p>Foi destacado, tamb\u00e9m, que a nomea\u00e7\u00e3o do procurador-geral da Rep\u00fablica j\u00e1 \u00e9 tradicionalmente precedida de uma lista tr\u00edplice pela Associa\u00e7\u00e3o Nacional dos Procuradores da Rep\u00fablica em consulta direta aos membros do Minist\u00e9rio P\u00fablico Federal.<\/p>\n<p>Ao final do documento, a UNAFE\/ANPAF (ANAFE), o SINPROFAZ e a APBC informam sobre o encaminhamento breve de lista tr\u00edplice e solicitam que seja considerada para efeitos de escolha do posto de advogado-geral da Uni\u00e3o.<\/p>\n<p>O diretor-geral da UNAFE, Roberto Mota, destaca que a lista tr\u00edplice atende ao clamor da carreira que anseia eleger um advogado p\u00fablico federal qualificado,\u00a0a fim de possibilitar o aprimoramento na gest\u00e3o do \u00f3rg\u00e3o.<\/p>\n<p><a title=\"blocked::http:\/\/unafe2.enviodecampanhas.net\/registra_clique.php?id=H|792425|232878|17837&amp;url=http:\/\/unafe.org.br\/wp-content\/plugins\/downloads-manager\/upload\/Of%C3%ADcio%20Conjunto%20UNAFE.ANPAF(ANAFE)-SINPROFAZ-APBC%20N%C2%BA%20001.2016%20-%20Lista%20Tr%C3%ADplice%20-%20Preside%C3%AAncia.pdf\" href=\"http:\/\/unafe2.enviodecampanhas.net\/registra_clique.php?id=H%7C792425%7C232878%7C17837&amp;url=http%3A%2F%2Funafe.org.br%2Fwp-content%2Fplugins%2Fdownloads-manager%2Fupload%2FOf%25C3%25ADcio%2520Conjunto%2520UNAFE.ANPAF%28ANAFE%29-SINPROFAZ-APBC%2520N%25C2%25BA%2520001.2016%2520-%2520Lista%2520Tr%25C3%25ADplice%2520-%2520Preside%25C3%25AAncia.pdf\" target=\"_blank\"><span title=\"blocked::http:\/\/unafe2.enviodecampanhas.net\/registra_clique.php?id=H|792425|232878|17837&amp;url=http:\/\/unafe.org.br\/wp-content\/plugins\/downloads-manager\/upload\/Of%C3%ADcio%20Conjunto%20UNAFE.ANPAF(ANAFE)-SINPROFAZ-APBC%20N%C2%BA%20001.2016%20-%20Lista%20Tr%C3%ADplice%20-%20Preside%C3%AAncia.pdf\">Clique aqui<\/span><\/a>\u00a0para ver a \u00edntegra do of\u00edcio protocolado na Presid\u00eancia da Rep\u00fablica.<\/p>\n<p><a title=\"blocked::http:\/\/unafe2.enviodecampanhas.net\/registra_clique.php?id=H|792426|232878|17837&amp;url=http:\/\/unafe.org.br\/wp-content\/plugins\/downloads-manager\/upload\/Of%C3%ADcio%20Conjunto%20UNAFE.ANPAF(ANAFE)-SINPROFAZ-APBC%20N%C2%BA%20002.2016%20-%20Lista%20Tr%C3%ADplice%20-%20Casa%20Civil.pdf\" href=\"http:\/\/unafe2.enviodecampanhas.net\/registra_clique.php?id=H%7C792426%7C232878%7C17837&amp;url=http%3A%2F%2Funafe.org.br%2Fwp-content%2Fplugins%2Fdownloads-manager%2Fupload%2FOf%25C3%25ADcio%2520Conjunto%2520UNAFE.ANPAF%28ANAFE%29-SINPROFAZ-APBC%2520N%25C2%25BA%2520002.2016%2520-%2520Lista%2520Tr%25C3%25ADplice%2520-%2520Casa%2520Civil.pdf\" target=\"_blank\">Clique aqui<\/a>\u00a0para ver a \u00edntegra do of\u00edcio protocolado na Casa Civil.<\/p>\n","protected":false},"excerpt":{"rendered":"<p>A lista tr\u00edplice \u00e9 uma reivindica\u00e7\u00e3o antiga das carreiras para eleger &#8220;um advogado p\u00fablico federal qualificado&#8221;. Diante das not\u00edcias veiculadas na imprensa sobre a prov\u00e1vel sa\u00edda do advogado-geral da Uni\u00e3o, Lu\u00eds In\u00e1cio Adams, as entidades aproveitaram a ocasi\u00e3o para a apresenta\u00e7\u00e3o de\u00a0membros das carreiras da AGU para ocupa\u00e7\u00e3o do cargo m\u00e1ximo. &nbsp; Na sexta-feira (05\/02), a\u00a0UNAFE\/ANPAF (ANAFE), o SINPROFAZ e [&hellip;]<\/p>\n","protected":false},"author":27,"featured_media":0,"comment_status":"open","ping_status":"closed","sticky":false,"template":"","format":"standard","meta":{"footnotes":""},"categories":[1],"tags":[157,767,188,766,763,73,315,764,765],"class_list":["post-948","post","type-post","status-publish","format-standard","hentry","category-sem-categoria","tag-agu","tag-aprimoramento","tag-carreira","tag-casa-civil","tag-encaminham","tag-entidades","tag-gestao","tag-lista-triplice","tag-presidencia-da-republica"],"_links":{"self":[{"href":"https:\/\/blogs.correiobraziliense.com.br\/servidor\/wp-json\/wp\/v2\/posts\/948","targetHints":{"allow":["GET"]}}],"collection":[{"href":"https:\/\/blogs.correiobraziliense.com.br\/servidor\/wp-json\/wp\/v2\/posts"}],"about":[{"href":"https:\/\/blogs.correiobraziliense.com.br\/servidor\/wp-json\/wp\/v2\/types\/post"}],"author":[{"embeddable":true,"href":"https:\/\/blogs.correiobraziliense.com.br\/servidor\/wp-json\/wp\/v2\/users\/27"}],"replies":[{"embeddable":true,"href":"https:\/\/blogs.correiobraziliense.com.br\/servidor\/wp-json\/wp\/v2\/comments?post=948"}],"version-history":[{"count":1,"href":"https:\/\/blogs.correiobraziliense.com.br\/servidor\/wp-json\/wp\/v2\/posts\/948\/revisions"}],"predecessor-version":[{"id":949,"href":"https:\/\/blogs.correiobraziliense.com.br\/servidor\/wp-json\/wp\/v2\/posts\/948\/revisions\/949"}],"wp:attachment":[{"href":"https:\/\/blogs.correiobraziliense.com.br\/servidor\/wp-json\/wp\/v2\/media?parent=948"}],"wp:term":[{"taxonomy":"category","embeddable":true,"href":"https:\/\/blogs.correiobraziliense.com.br\/servidor\/wp-json\/wp\/v2\/categories?post=948"},{"taxonomy":"post_tag","embeddable":true,"href":"https:\/\/blogs.correiobraziliense.com.br\/servidor\/wp-json\/wp\/v2\/tags?post=948"}],"curies":[{"name":"wp","href":"https:\/\/api.w.org\/{rel}","templated":true}]}}