{"id":9476,"date":"2018-06-20T14:34:49","date_gmt":"2018-06-20T17:34:49","guid":{"rendered":"https:\/\/blogs.correiobraziliense.com.br\/servidor\/?p=9476"},"modified":"2018-06-20T14:34:49","modified_gmt":"2018-06-20T17:34:49","slug":"suspeita-de-bomba-na-camara-dos-deputados","status":"publish","type":"post","link":"https:\/\/blogs.correiobraziliense.com.br\/servidor\/suspeita-de-bomba-na-camara-dos-deputados\/","title":{"rendered":"Suspeita de bomba na C\u00e2mara dos Deputados"},"content":{"rendered":"<p>Por meio de nota, a assessoria de imprensa da C\u00e2mara informou que &#8220;uma pasta suspeita foi encontrada por visitantes, nesta manh\u00e3, no plen\u00e1rio 6 do Anexo II, durante a reuni\u00e3o da Comiss\u00e3o Especial que analisa mudan\u00e7as na legisla\u00e7\u00e3o sobre defensivos agr\u00edcolas&#8221;. De acordo com a nota, o\u00a0 objeto foi entregue aberto para a Pol\u00edcia Legislativa da Casa. &#8220;No interior da pasta encontrava-se uma simula\u00e7\u00e3o grotesca de artefato explosivo. Foi aberta uma ocorr\u00eancia policial para verifica\u00e7\u00e3o de quem deixou a mala no local. O Esquadr\u00e3o Antibomba da Pol\u00edcia Militar do DF foi acionado e j\u00e1 est\u00e1 com o simulacro de artefato explosivo&#8221;.<\/p>\n","protected":false},"excerpt":{"rendered":"<p>Por meio de nota, a assessoria de imprensa da C\u00e2mara informou que &#8220;uma pasta suspeita foi encontrada por visitantes, nesta manh\u00e3, no plen\u00e1rio 6 do Anexo II, durante a reuni\u00e3o da Comiss\u00e3o Especial que analisa mudan\u00e7as na legisla\u00e7\u00e3o sobre defensivos agr\u00edcolas&#8221;. De acordo com a nota, o\u00a0 objeto foi entregue aberto para a Pol\u00edcia Legislativa da Casa. &#8220;No interior da [&hellip;]<\/p>\n","protected":false},"author":27,"featured_media":0,"comment_status":"open","ping_status":"closed","sticky":false,"template":"","format":"standard","meta":{"footnotes":""},"categories":[2719],"tags":[10608,12706,12703,12704,12707,8293,2776,12705,403,12696],"class_list":["post-9476","post","type-post","status-publish","format-standard","hentry","category-servidor","tag-agricolas","tag-artefato","tag-bomba-camara-dos-deputados","tag-derensivos","tag-explosivo","tag-pasta","tag-plenario","tag-simulcao","tag-suspeita","tag-visitantes"],"_links":{"self":[{"href":"https:\/\/blogs.correiobraziliense.com.br\/servidor\/wp-json\/wp\/v2\/posts\/9476","targetHints":{"allow":["GET"]}}],"collection":[{"href":"https:\/\/blogs.correiobraziliense.com.br\/servidor\/wp-json\/wp\/v2\/posts"}],"about":[{"href":"https:\/\/blogs.correiobraziliense.com.br\/servidor\/wp-json\/wp\/v2\/types\/post"}],"author":[{"embeddable":true,"href":"https:\/\/blogs.correiobraziliense.com.br\/servidor\/wp-json\/wp\/v2\/users\/27"}],"replies":[{"embeddable":true,"href":"https:\/\/blogs.correiobraziliense.com.br\/servidor\/wp-json\/wp\/v2\/comments?post=9476"}],"version-history":[{"count":1,"href":"https:\/\/blogs.correiobraziliense.com.br\/servidor\/wp-json\/wp\/v2\/posts\/9476\/revisions"}],"predecessor-version":[{"id":9477,"href":"https:\/\/blogs.correiobraziliense.com.br\/servidor\/wp-json\/wp\/v2\/posts\/9476\/revisions\/9477"}],"wp:attachment":[{"href":"https:\/\/blogs.correiobraziliense.com.br\/servidor\/wp-json\/wp\/v2\/media?parent=9476"}],"wp:term":[{"taxonomy":"category","embeddable":true,"href":"https:\/\/blogs.correiobraziliense.com.br\/servidor\/wp-json\/wp\/v2\/categories?post=9476"},{"taxonomy":"post_tag","embeddable":true,"href":"https:\/\/blogs.correiobraziliense.com.br\/servidor\/wp-json\/wp\/v2\/tags?post=9476"}],"curies":[{"name":"wp","href":"https:\/\/api.w.org\/{rel}","templated":true}]}}