{"id":9467,"date":"2018-06-19T16:05:33","date_gmt":"2018-06-19T19:05:33","guid":{"rendered":"https:\/\/blogs.correiobraziliense.com.br\/servidor\/?p=9467"},"modified":"2018-06-19T16:05:33","modified_gmt":"2018-06-19T19:05:33","slug":"embratur-apoia-concessoes-de-servicos-em-parques-nacionais","status":"publish","type":"post","link":"https:\/\/blogs.correiobraziliense.com.br\/servidor\/embratur-apoia-concessoes-de-servicos-em-parques-nacionais\/","title":{"rendered":"Embratur apoia concess\u00f5es de servi\u00e7os em parques nacionais"},"content":{"rendered":"<p><i>ICMBio anuncia as 7 unidades de conserva\u00e7\u00e3o que <span id=\"OBJ_PREFIX_DWT2244_com_zimbra_date\" class=\"Object\"><span id=\"OBJ_PREFIX_DWT2254_com_zimbra_date\" class=\"Object\">ter<\/span><\/span>\u00e3o servi\u00e7os de apoio concessionados potencializando a atra\u00e7\u00e3o de visitantes<\/i><\/p>\n<p>O Instituto Chico Mendes de Conserva\u00e7\u00e3o da Biodiversidade (ICMBio) anunciou na segunda-feira (18) as sete unidades de conserva\u00e7\u00e3o que ter\u00e3o servi\u00e7os de apoio \u00e0 visita\u00e7\u00e3o concessionados. Os parques nacionais refor\u00e7am o potencial global do Brasil como destino tur\u00edstico, por isso, a Embratur (Instituto Brasileiro de Turismo), presente na cerim\u00f4nia de divulga\u00e7\u00e3o da consulta p\u00fablica, aposta na abertura desses locais para atrair ainda mais visitantes interessados no segmento de Ecoturismo e Turismo de Aventura.<\/p>\n<p>Para a presidente da Embratur, Tet\u00e9 Bezerra, esse \u00e9 um passo importante para a valoriza\u00e7\u00e3o dos parques nacionais, o que tamb\u00e9m garantir\u00e1 um aumento ainda maior do n\u00famero de visitantes nacionais e internacionais. \u201cAcreditamos que os contratos de concess\u00e3o permitir\u00e3o que o turista tenha uma qualidade de servi\u00e7os. Isso demonstra que o pa\u00eds pode ir muito al\u00e9m do turismo de sol e praia e que tem a natureza como sua maior riqueza. Trata-se de um posicionamento mundial fundamental, pois somos a na\u00e7\u00e3o com maior potencial do mundo em atrativos naturais para o setor\u201d, destaca.<\/p>\n<p>As sete unidades de conserva\u00e7\u00e3o ter\u00e3o editais para concess\u00e3o de servi\u00e7os como: transporte interno, alimenta\u00e7\u00e3o, hospedagem, atividades de aventura, venda de produtos com a marca da unidade, estacionamento, entre outros.<\/p>\n<p>Os editais dos parques nacionais do Pau Brasil (BA) e da Chapada dos Veadeiros (GO) j\u00e1 est\u00e3o prontos, e devem ser lan\u00e7ados nas pr\u00f3ximas semanas. J\u00e1 os parques nacionais dos Len\u00e7\u00f3is Maranhenses (MA), do Itatiaia (RJ), do Capara\u00f3 (MG), de Jericoacoara (CE) e da Serra da Bodoquena (MS) passar\u00e3o por consultas p\u00fablicas sobre as concess\u00f5es de servi\u00e7os de uso p\u00fablico nos pr\u00f3ximos meses 15 dias, a fim de subsidiar a constru\u00e7\u00e3o dos seus editais.<\/p>\n<p>O presidente do ICMBio, Paulo Carneiro, disse que a inten\u00e7\u00e3o \u00e9 alavancar o turismo nas unidades de conserva\u00e7\u00e3o. Segundo ele, o visitante elogia a unidade, mas reclama de falta de estrutura. Larissa Diehl, da coordena\u00e7\u00e3o de concess\u00e3o e neg\u00f3cios do instituto, apresentou o processo de concess\u00f5es. Segundo ela, as concession\u00e1rias ter\u00e3o bonifica\u00e7\u00e3o por contrata\u00e7\u00e3o de m\u00e3o de obra das comunidades do entorno, e de produtos locais.<\/p>\n<p>O n\u00famero de visitantes em parques nacionais deve aumentar 11,5% neste ano. A estimativa \u00e9 do instituto Euromonitor International, organiza\u00e7\u00e3o voltada para an\u00e1lises de mercado. A proje\u00e7\u00e3o \u00e9 que, em 2018, 8,6 milh\u00f5es de pessoas visitem as unidades de conserva\u00e7\u00e3o.<\/p>\n<p><strong>Acordo de coopera\u00e7\u00e3o<\/strong><\/p>\n<p>No final do ano passado, a Embratur, os minist\u00e9rios do Meio Ambiente (MMA) e do Turismo e o ICMBio assinaram um acordo de coopera\u00e7\u00e3o para desenvolver o turismo ecol\u00f3gico em unidades de conserva\u00e7\u00e3o (UCs) federais. A medida ser\u00e1 integrada \u00e0 promo\u00e7\u00e3o da diversidade sociocultural e da prote\u00e7\u00e3o da biodiversidade nessas \u00e1reas. Al\u00e9m disso, a atividade ecotur\u00edstica garantir\u00e1 a inclus\u00e3o social com a participa\u00e7\u00e3o das comunidades situadas nas \u00e1reas de influ\u00eancia. Al\u00e9m disso, incentivar\u00e1 a estrutura\u00e7\u00e3o de produtos tur\u00edsticos nas regi\u00f5es atendidas.<\/p>\n","protected":false},"excerpt":{"rendered":"<p>ICMBio anuncia as 7 unidades de conserva\u00e7\u00e3o que ter\u00e3o servi\u00e7os de apoio concessionados potencializando a atra\u00e7\u00e3o de visitantes O Instituto Chico Mendes de Conserva\u00e7\u00e3o da Biodiversidade (ICMBio) anunciou na segunda-feira (18) as sete unidades de conserva\u00e7\u00e3o que ter\u00e3o servi\u00e7os de apoio \u00e0 visita\u00e7\u00e3o concessionados. Os parques nacionais refor\u00e7am o potencial global do Brasil como destino tur\u00edstico, por isso, a Embratur [&hellip;]<\/p>\n","protected":false},"author":27,"featured_media":0,"comment_status":"open","ping_status":"closed","sticky":false,"template":"","format":"standard","meta":{"footnotes":""},"categories":[2719],"tags":[12695,12694,251,7142,12698,1386,2717,12378,1232,200,12693,7738,1379,12697,12696],"class_list":["post-9467","post","type-post","status-publish","format-standard","hentry","category-servidor","tag-atracao","tag-concessionados","tag-concessoes","tag-conservacao","tag-consulta-publica","tag-editais","tag-embratur","tag-icmbio","tag-internacionais","tag-nacionais","tag-parques-nacionais","tag-potencial","tag-servicos","tag-turistico","tag-visitantes"],"_links":{"self":[{"href":"https:\/\/blogs.correiobraziliense.com.br\/servidor\/wp-json\/wp\/v2\/posts\/9467","targetHints":{"allow":["GET"]}}],"collection":[{"href":"https:\/\/blogs.correiobraziliense.com.br\/servidor\/wp-json\/wp\/v2\/posts"}],"about":[{"href":"https:\/\/blogs.correiobraziliense.com.br\/servidor\/wp-json\/wp\/v2\/types\/post"}],"author":[{"embeddable":true,"href":"https:\/\/blogs.correiobraziliense.com.br\/servidor\/wp-json\/wp\/v2\/users\/27"}],"replies":[{"embeddable":true,"href":"https:\/\/blogs.correiobraziliense.com.br\/servidor\/wp-json\/wp\/v2\/comments?post=9467"}],"version-history":[{"count":1,"href":"https:\/\/blogs.correiobraziliense.com.br\/servidor\/wp-json\/wp\/v2\/posts\/9467\/revisions"}],"predecessor-version":[{"id":9468,"href":"https:\/\/blogs.correiobraziliense.com.br\/servidor\/wp-json\/wp\/v2\/posts\/9467\/revisions\/9468"}],"wp:attachment":[{"href":"https:\/\/blogs.correiobraziliense.com.br\/servidor\/wp-json\/wp\/v2\/media?parent=9467"}],"wp:term":[{"taxonomy":"category","embeddable":true,"href":"https:\/\/blogs.correiobraziliense.com.br\/servidor\/wp-json\/wp\/v2\/categories?post=9467"},{"taxonomy":"post_tag","embeddable":true,"href":"https:\/\/blogs.correiobraziliense.com.br\/servidor\/wp-json\/wp\/v2\/tags?post=9467"}],"curies":[{"name":"wp","href":"https:\/\/api.w.org\/{rel}","templated":true}]}}