{"id":9463,"date":"2018-06-19T15:29:47","date_gmt":"2018-06-19T18:29:47","guid":{"rendered":"https:\/\/blogs.correiobraziliense.com.br\/servidor\/?p=9463"},"modified":"2018-06-19T15:29:47","modified_gmt":"2018-06-19T18:29:47","slug":"mais-de-r-16-bi-do-abono-salarial-ano-base-2016-ainda-estao-disponiveis-para-saque","status":"publish","type":"post","link":"https:\/\/blogs.correiobraziliense.com.br\/servidor\/mais-de-r-16-bi-do-abono-salarial-ano-base-2016-ainda-estao-disponiveis-para-saque\/","title":{"rendered":"Mais de R$ 1,6 bi do abono salarial ano-base 2016 ainda est\u00e3o dispon\u00edveis para saque"},"content":{"rendered":"<p><em>Valor pode ser sacado por 2,2 milh\u00f5es trabalhadores. Prazo para ter acesso ao benef\u00edcio acaba no dia 29.\u00a0Ainda h\u00e1 R$ 1,6 bilh\u00e3o \u00e0 disposi\u00e7\u00e3o dos trabalhadores<\/em><\/p>\n<p>Termina no pr\u00f3ximo dia 29 de junho o prazo para os trabalhadores com direito ao abono salarial ano-base 2016 sacar o recurso, que pode chegar a um sal\u00e1rio m\u00ednimo (R$ 954). At\u00e9 o final de maio, 2,22 milh\u00f5es de trabalhadores n\u00e3o haviam sacado o valor a que tinham direito (veja tabela abaixo).<\/p>\n<p>&nbsp;<\/p>\n<p>Dentre as regi\u00f5es brasileiras, a Nordeste e a Sudeste acumulam a maior quantidade de pessoas que ainda n\u00e3o buscaram os recursos. Caso o dinheiro n\u00e3o seja retirado pelos benefici\u00e1rios, o valor vai para o Fundo de Amparo ao Trabalhador (FAT) e o trabalhador s\u00f3 poder\u00e1 sacar o abono do ano seguinte.<\/p>\n<p>&nbsp;<\/p>\n<p>O ministro do Trabalho, Helton Yomura, lembra que o FAT beneficia os trabalhadores brasileiros por meio do seguro-sesemprego e tamb\u00e9m pelo Abono Salarial, mas que os benefici\u00e1rios n\u00e3o podem deixar de pesquisar se t\u00eam direito e realizar o saque.<\/p>\n<p>&nbsp;<\/p>\n<p>\u201cMesmo que o FAT seja uma ferramenta dos trabalhadores, o recurso do abono salarial ano-base 2016 est\u00e1 dispon\u00edvel neste momento e pode auxiliar na renda das fam\u00edlias, dando um f\u00f4lego para quem n\u00e3o est\u00e1 com as contas em dia\u201d, afirma Yomura.<\/p>\n<p>&nbsp;<\/p>\n<p>O abono salarial ano-base 2016 come\u00e7ou a ser pago em 27 de julho de 2017. Desde ent\u00e3o, 22,2 milh\u00f5es de trabalhadores foram pagos em todo o Brasil, de acordo com a \u00faltima atualiza\u00e7\u00e3o. Os valores sacados atingiram R$ 16,4 bilh\u00f5es. Ainda h\u00e1 R$ 1,6 bilh\u00e3o \u00e0 disposi\u00e7\u00e3o dos trabalhadores.<\/p>\n<p>&nbsp;<\/p>\n<p><strong>Quem tem direito<\/strong><\/p>\n<p>&nbsp;<\/p>\n<p>Para ter direito ao abono salarial do PIS\/Pasep \u00e9 necess\u00e1rio ter trabalhado formalmente por pelo menos um m\u00eas em 2016 com remunera\u00e7\u00e3o m\u00e9dia de at\u00e9 dois sal\u00e1rios m\u00ednimos. Al\u00e9m disso, o trabalhador tinha de estar inscrito no PIS\/Pasep h\u00e1 pelo menos cinco anos e ter tido seus dados informados corretamente pelo empregador na Rela\u00e7\u00e3o Anual de Informa\u00e7\u00f5es Sociais (Rais).<\/p>\n<p>De acordo com o chefe da divis\u00e3o do abono salarial do Minist\u00e9rio do Trabalho, M\u00e1rcio Ubiratan Brito, a quantia que cada trabalhador tem para receber \u00e9 proporcional ao n\u00famero de meses trabalhados formalmente no ano-base e varia de R$ 80 a R$ 954.<\/p>\n<p>&nbsp;<\/p>\n<p>Quem trabalhou durante todo o ano recebe o valor cheio. Quem trabalhou por apenas 30 dias recebe o valor m\u00ednimo. \u201cSe a pessoa trabalhou um m\u00eas, recebe 1\/12 do valor, se trabalhou dois meses, 2\/12, e assim sucessivamente\u201d, explica.<\/p>\n<p>&nbsp;<\/p>\n<p>Os empregados da iniciativa privada, vinculados ao PIS, sacam o dinheiro na Caixa. O banco disponibiliza uma p\u00e1gina (<a href=\"https:\/\/servicossociais.caixa.gov.br\/internet.do?segmento=CIDADAO01\">https:\/\/servicossociais.caixa.gov.br\/internet.do?segmento=CIDADAO01<\/a>) para que o trabalhador consulte se tem direito a receber o valor. Para isso, \u00e9 preciso informar o n\u00famero do PIS (geralmente registrado na carteira de trabalho) e digitar a senha. Quem n\u00e3o tem senha, pode cadastra uma na p\u00e1gina de consulta.<\/p>\n<p>&nbsp;<\/p>\n<p>Para os funcion\u00e1rios p\u00fablicos, a refer\u00eancia \u00e9 o Banco do Brasil. O banco disponibiliza um aplicativo (<a href=\"http:\/\/www.bb.com.br\/pbb\/pagina-inicial\/setor-publico\/governo-federal\/gestao\/gestao-de-recursos\/pagamento-de-ordens-bancarias,-salarios-e-beneficios\/pasep\/aplicativo-bb-pasep#\/\">http:\/\/www.bb.com.br\/pbb\/pagina-inicial\/setor-publico\/governo-federal\/gestao\/gestao-de-recursos\/pagamento-de-ordens-bancarias,-salarios-e-beneficios\/pasep\/aplicativo-bb-pasep#\/<\/a>) que precisa ser baixado e instalado para que o trabalhador consulte se tem direito e o valor do benef\u00edcio.<\/p>\n<p>&nbsp;<\/p>\n<p>&nbsp;<\/p>\n","protected":false},"excerpt":{"rendered":"<p>Valor pode ser sacado por 2,2 milh\u00f5es trabalhadores. Prazo para ter acesso ao benef\u00edcio acaba no dia 29.\u00a0Ainda h\u00e1 R$ 1,6 bilh\u00e3o \u00e0 disposi\u00e7\u00e3o dos trabalhadores Termina no pr\u00f3ximo dia 29 de junho o prazo para os trabalhadores com direito ao abono salarial ano-base 2016 sacar o recurso, que pode chegar a um sal\u00e1rio m\u00ednimo (R$ 954). At\u00e9 o final [&hellip;]<\/p>\n","protected":false},"author":27,"featured_media":0,"comment_status":"open","ping_status":"closed","sticky":false,"template":"","format":"standard","meta":{"footnotes":""},"categories":[2719],"tags":[5391,386,1908,2190,1174,2441,2295,1805,1666],"class_list":["post-9463","post","type-post","status-publish","format-standard","hentry","category-servidor","tag-abono-salarial","tag-beneficio","tag-disponiveis","tag-pispasep","tag-prazo","tag-recurso","tag-sacar","tag-salario-minimo","tag-saque"],"_links":{"self":[{"href":"https:\/\/blogs.correiobraziliense.com.br\/servidor\/wp-json\/wp\/v2\/posts\/9463","targetHints":{"allow":["GET"]}}],"collection":[{"href":"https:\/\/blogs.correiobraziliense.com.br\/servidor\/wp-json\/wp\/v2\/posts"}],"about":[{"href":"https:\/\/blogs.correiobraziliense.com.br\/servidor\/wp-json\/wp\/v2\/types\/post"}],"author":[{"embeddable":true,"href":"https:\/\/blogs.correiobraziliense.com.br\/servidor\/wp-json\/wp\/v2\/users\/27"}],"replies":[{"embeddable":true,"href":"https:\/\/blogs.correiobraziliense.com.br\/servidor\/wp-json\/wp\/v2\/comments?post=9463"}],"version-history":[{"count":1,"href":"https:\/\/blogs.correiobraziliense.com.br\/servidor\/wp-json\/wp\/v2\/posts\/9463\/revisions"}],"predecessor-version":[{"id":9464,"href":"https:\/\/blogs.correiobraziliense.com.br\/servidor\/wp-json\/wp\/v2\/posts\/9463\/revisions\/9464"}],"wp:attachment":[{"href":"https:\/\/blogs.correiobraziliense.com.br\/servidor\/wp-json\/wp\/v2\/media?parent=9463"}],"wp:term":[{"taxonomy":"category","embeddable":true,"href":"https:\/\/blogs.correiobraziliense.com.br\/servidor\/wp-json\/wp\/v2\/categories?post=9463"},{"taxonomy":"post_tag","embeddable":true,"href":"https:\/\/blogs.correiobraziliense.com.br\/servidor\/wp-json\/wp\/v2\/tags?post=9463"}],"curies":[{"name":"wp","href":"https:\/\/api.w.org\/{rel}","templated":true}]}}