{"id":9461,"date":"2018-06-19T14:48:41","date_gmt":"2018-06-19T17:48:41","guid":{"rendered":"https:\/\/blogs.correiobraziliense.com.br\/servidor\/?p=9461"},"modified":"2018-06-19T14:48:41","modified_gmt":"2018-06-19T17:48:41","slug":"receita-federal-defende-decreto-para-isonomia-do-setor-de-refrigerantes","status":"publish","type":"post","link":"https:\/\/blogs.correiobraziliense.com.br\/servidor\/receita-federal-defende-decreto-para-isonomia-do-setor-de-refrigerantes\/","title":{"rendered":"Receita Federal defende decreto para isonomia do setor de refrigerantes"},"content":{"rendered":"<p><em>O subsecret\u00e1rio de fiscaliza\u00e7\u00e3o detalhou em audi\u00eancia p\u00fablica no Senado a \u201cinterven\u00e7\u00e3o artificial\u201d no setor. Senadores votam amanh\u00e3 (quarta) manuten\u00e7\u00e3o ou n\u00e3o da decis\u00e3o<\/em><\/p>\n<p>Em audi\u00eancia p\u00fablica na Comiss\u00e3o de Constitui\u00e7\u00e3o e Justi\u00e7a no Senado hoje, o subsecret\u00e1rio de Fiscaliza\u00e7\u00e3o da Receita Federal, I\u00e1garo Jung Martins, considerou que o Decreto 9.934, de 30 de maio, \u201catenua a interfer\u00eancia artificial da economia\u201d, que acontecia com a antiga taxa\u00e7\u00e3o dos concentrados de refrigerantes.<\/p>\n<p>\u201cAt\u00e9 a publica\u00e7\u00e3o deste decreto, de cada R$ 100 de venda de refrigerante, o governo devolvia R$ 4,00 para quem comprava os insumos na zona franca de Manaus, enquanto as outras empresas pagavam R$ 11\u201d, detalhou o t\u00e9cnico. Com o decreto, as grandes empresas passam a pagar R$ 10 e as pequenas continuam com a mesma obriga\u00e7\u00e3o de R$ 11.<\/p>\n<p>A Receita Federal calcula que R$ 3,8 bilh\u00f5es deixavam de ser recolhidos pelo Estado.<\/p>\n<p>Solicitada pela senadora Ana Am\u00e9lia (PP-RS), a audi\u00eancia pretende fechar a discuss\u00e3o para se evitar a vota\u00e7\u00e3o de dois decretos dos senadores Vanessa Grazziotin (PCdoB-AM) e Eduardo Braga (MDB-AM) que querem derrubar a decis\u00e3o do governo federal. Ambos tiveram as campanhas financiadas pelas multinacionais do setor.<\/p>\n<p>O senador Ronaldo Caiado (DEM-GO) declarou seu voto pela manuten\u00e7\u00e3o do decreto 9.394. Apesar de defender a Zona Franca de Manaus, o parlamentar lembrou do \u201cconsumidor prejudicado\u201d com a manobra apontada pela Receita Federal. J\u00e1 Ana Am\u00e9lia lembrou o quanto os estados deixam de arrecadar com a situa\u00e7\u00e3o anterior.<\/p>\n<p>O presidente da Associa\u00e7\u00e3o dos Fabricantes de Refrigerantes do Brasil (\u00a0Afrebras), Fernando de Bairros, defendeu a manuten\u00e7\u00e3o do decreto, j\u00e1 que o acontecia anteriormente era \u201caberra\u00e7\u00e3o tribut\u00e1ria\u201d. Bairros disse que a \u201cconcorr\u00eancia no mercado fica imposs\u00edvel\u201d, se derrubarem o decreto. Ao falar da crise, o representante dos pequenos produtores atestou que o decreto ajudar\u00e1 a dividir os impactos da crise, acabando com um benef\u00edcio que s\u00f3 atende a interesses de duas multinacionais do setor.<\/p>\n","protected":false},"excerpt":{"rendered":"<p>O subsecret\u00e1rio de fiscaliza\u00e7\u00e3o detalhou em audi\u00eancia p\u00fablica no Senado a \u201cinterven\u00e7\u00e3o artificial\u201d no setor. Senadores votam amanh\u00e3 (quarta) manuten\u00e7\u00e3o ou n\u00e3o da decis\u00e3o Em audi\u00eancia p\u00fablica na Comiss\u00e3o de Constitui\u00e7\u00e3o e Justi\u00e7a no Senado hoje, o subsecret\u00e1rio de Fiscaliza\u00e7\u00e3o da Receita Federal, I\u00e1garo Jung Martins, considerou que o Decreto 9.934, de 30 de maio, \u201catenua a interfer\u00eancia artificial da [&hellip;]<\/p>\n","protected":false},"author":27,"featured_media":0,"comment_status":"open","ping_status":"closed","sticky":false,"template":"","format":"standard","meta":{"footnotes":""},"categories":[2719],"tags":[192,1172,12686,9090,2254,12688,294,12685,696,570,11493,12687],"class_list":["post-9461","post","type-post","status-publish","format-standard","hentry","category-servidor","tag-audiencia","tag-decreto","tag-decreto-9-9342018","tag-insumos","tag-isonomia","tag-manaus","tag-receita-federal","tag-refrigerantes","tag-senado","tag-setor","tag-taxacao","tag-zona-franca"],"_links":{"self":[{"href":"https:\/\/blogs.correiobraziliense.com.br\/servidor\/wp-json\/wp\/v2\/posts\/9461","targetHints":{"allow":["GET"]}}],"collection":[{"href":"https:\/\/blogs.correiobraziliense.com.br\/servidor\/wp-json\/wp\/v2\/posts"}],"about":[{"href":"https:\/\/blogs.correiobraziliense.com.br\/servidor\/wp-json\/wp\/v2\/types\/post"}],"author":[{"embeddable":true,"href":"https:\/\/blogs.correiobraziliense.com.br\/servidor\/wp-json\/wp\/v2\/users\/27"}],"replies":[{"embeddable":true,"href":"https:\/\/blogs.correiobraziliense.com.br\/servidor\/wp-json\/wp\/v2\/comments?post=9461"}],"version-history":[{"count":1,"href":"https:\/\/blogs.correiobraziliense.com.br\/servidor\/wp-json\/wp\/v2\/posts\/9461\/revisions"}],"predecessor-version":[{"id":9462,"href":"https:\/\/blogs.correiobraziliense.com.br\/servidor\/wp-json\/wp\/v2\/posts\/9461\/revisions\/9462"}],"wp:attachment":[{"href":"https:\/\/blogs.correiobraziliense.com.br\/servidor\/wp-json\/wp\/v2\/media?parent=9461"}],"wp:term":[{"taxonomy":"category","embeddable":true,"href":"https:\/\/blogs.correiobraziliense.com.br\/servidor\/wp-json\/wp\/v2\/categories?post=9461"},{"taxonomy":"post_tag","embeddable":true,"href":"https:\/\/blogs.correiobraziliense.com.br\/servidor\/wp-json\/wp\/v2\/tags?post=9461"}],"curies":[{"name":"wp","href":"https:\/\/api.w.org\/{rel}","templated":true}]}}