{"id":9431,"date":"2018-06-14T19:44:12","date_gmt":"2018-06-14T22:44:12","guid":{"rendered":"https:\/\/blogs.correiobraziliense.com.br\/servidor\/?p=9431"},"modified":"2018-06-14T19:44:12","modified_gmt":"2018-06-14T22:44:12","slug":"movimento-nacional-pela-advocacia-publica-carta-para-os-candidatos","status":"publish","type":"post","link":"https:\/\/blogs.correiobraziliense.com.br\/servidor\/movimento-nacional-pela-advocacia-publica-carta-para-os-candidatos\/","title":{"rendered":"Movimento Nacional pela Advocacia P\u00fablica &#8211; carta para os candidatos"},"content":{"rendered":"<p><em>As entidades que comp\u00f5em o Movimento Nacional pela Advocacia P\u00fablica se reuniram na tarde dessa quarta-feira (13) para planejar a atua\u00e7\u00e3o durante o per\u00edodo eleitoral.\u00a0Dirigentes das propuseram medidas para a defesa das prerrogativas recentemente conquistadas e sugeriram estrat\u00e9gias para a atua\u00e7\u00e3o conjunta em prol dos temas de interesse comum<\/em><\/p>\n<p>Alinhados quanto \u00e0 necessidade de fortalecimento do Movimento Nacional pela Advocacia P\u00fablica, os dirigentes reunidos aprovaram a Carta Compromisso elaborada em conjunto para ser apresentada aos candidatos \u00e0s elei\u00e7\u00f5es de outubro. O intuito do Movimento \u00e9 que, a partir da assinatura do documento, os eleitos se comprometam a empenhar esfor\u00e7os em prol do desenvolvimento e da valoriza\u00e7\u00e3o da Advocacia P\u00fablica em \u00e2mbito federal, estadual e municipal.<\/p>\n<div class=\"et_social_inline et_social_mobile_on et_social_inline_bottom\"><\/div>\n","protected":false},"excerpt":{"rendered":"<p>As entidades que comp\u00f5em o Movimento Nacional pela Advocacia P\u00fablica se reuniram na tarde dessa quarta-feira (13) para planejar a atua\u00e7\u00e3o durante o per\u00edodo eleitoral.\u00a0Dirigentes das propuseram medidas para a defesa das prerrogativas recentemente conquistadas e sugeriram estrat\u00e9gias para a atua\u00e7\u00e3o conjunta em prol dos temas de interesse comum Alinhados quanto \u00e0 necessidade de fortalecimento do Movimento Nacional pela Advocacia [&hellip;]<\/p>\n","protected":false},"author":27,"featured_media":0,"comment_status":"open","ping_status":"closed","sticky":false,"template":"","format":"standard","meta":{"footnotes":""},"categories":[2719],"tags":[178,301,1201,2021,3338,2134,12659,7503,1309,524],"class_list":["post-9431","post","type-post","status-publish","format-standard","hentry","category-servidor","tag-candidatos","tag-carta","tag-defesa","tag-eleicoes","tag-eleitoral","tag-estrategia","tag-movimento-nacional-pela-advocacia-publica","tag-periodo","tag-prerrogativas","tag-valorizacao"],"_links":{"self":[{"href":"https:\/\/blogs.correiobraziliense.com.br\/servidor\/wp-json\/wp\/v2\/posts\/9431","targetHints":{"allow":["GET"]}}],"collection":[{"href":"https:\/\/blogs.correiobraziliense.com.br\/servidor\/wp-json\/wp\/v2\/posts"}],"about":[{"href":"https:\/\/blogs.correiobraziliense.com.br\/servidor\/wp-json\/wp\/v2\/types\/post"}],"author":[{"embeddable":true,"href":"https:\/\/blogs.correiobraziliense.com.br\/servidor\/wp-json\/wp\/v2\/users\/27"}],"replies":[{"embeddable":true,"href":"https:\/\/blogs.correiobraziliense.com.br\/servidor\/wp-json\/wp\/v2\/comments?post=9431"}],"version-history":[{"count":1,"href":"https:\/\/blogs.correiobraziliense.com.br\/servidor\/wp-json\/wp\/v2\/posts\/9431\/revisions"}],"predecessor-version":[{"id":9432,"href":"https:\/\/blogs.correiobraziliense.com.br\/servidor\/wp-json\/wp\/v2\/posts\/9431\/revisions\/9432"}],"wp:attachment":[{"href":"https:\/\/blogs.correiobraziliense.com.br\/servidor\/wp-json\/wp\/v2\/media?parent=9431"}],"wp:term":[{"taxonomy":"category","embeddable":true,"href":"https:\/\/blogs.correiobraziliense.com.br\/servidor\/wp-json\/wp\/v2\/categories?post=9431"},{"taxonomy":"post_tag","embeddable":true,"href":"https:\/\/blogs.correiobraziliense.com.br\/servidor\/wp-json\/wp\/v2\/tags?post=9431"}],"curies":[{"name":"wp","href":"https:\/\/api.w.org\/{rel}","templated":true}]}}