{"id":9426,"date":"2018-06-14T19:15:44","date_gmt":"2018-06-14T22:15:44","guid":{"rendered":"https:\/\/blogs.correiobraziliense.com.br\/servidor\/?p=9426"},"modified":"2018-06-14T19:15:44","modified_gmt":"2018-06-14T22:15:44","slug":"agu-pede-para-que-acoes-sobre-frete-sejam-suspensas-ate-decisao-do-supremo","status":"publish","type":"post","link":"https:\/\/blogs.correiobraziliense.com.br\/servidor\/agu-pede-para-que-acoes-sobre-frete-sejam-suspensas-ate-decisao-do-supremo\/","title":{"rendered":"AGU pede para que a\u00e7\u00f5es sobre frete sejam suspensas at\u00e9 decis\u00e3o do Supremo"},"content":{"rendered":"<p><em>A Advocacia-Geral da Uni\u00e3o (AGU) apresentou nesta quinta-feira (14\/06) ao Supremo Tribunal Federal (STF) um pedido para que a tramita\u00e7\u00e3o de todas as a\u00e7\u00f5es propostas na Justi\u00e7a Federal brasileira para questionar a Medida Provis\u00f3ria n\u00ba 832\/18 \u2013 instituiu a pol\u00edtica de pre\u00e7os m\u00ednimos do transporte rodovi\u00e1rio de cargas \u2013 seja suspensa at\u00e9 que a pr\u00f3pria Corte analise o assunto<\/em><\/p>\n<p>A discuss\u00e3o est\u00e1 no STF em virtude de uma a\u00e7\u00e3o (ADI n\u00ba 5956) movida pela Associa\u00e7\u00e3o do Transporte Rodovi\u00e1rio de Cargas do Brasil. A entidade alega que a norma afronta princ\u00edpios constitucionais como o da livre iniciativa.<\/p>\n<p>Na manifesta\u00e7\u00e3o encaminhada ao Supremo, a Advocacia-Geral lembra que as Leis n\u00ba 9.868\/1999 e 9.882\/1999 preveem a suspens\u00e3o da tramita\u00e7\u00e3o de processos que envolvam normas cuja constitucionalidade esteja sendo questionada no STF. Segundo a AGU, a medida \u00e9 necess\u00e1ria no caso da pol\u00edtica de fretes porque \u201ca estabilidade dos efeitos jur\u00eddicos\u201d da medida provis\u00f3ria \u00e9 uma \u201crelevante quest\u00e3o de ordem p\u00fablica\u201d, tendo em vista que a norma foi uma das iniciativas adotadas para atender reivindica\u00e7\u00e3o dos caminhoneiros e colocar fim a paralisa\u00e7\u00e3o que comprometeu a oferta de servi\u00e7os p\u00fablicos essenciais e causou graves preju\u00edzos \u00e0 sociedade brasileira.<\/p>\n<p><strong>Inseguran\u00e7a jur\u00eddica<\/strong><\/p>\n<p>A Advocacia-Geral tamb\u00e9m ressalta que, desde a entrada em vigor da medida provis\u00f3ria, diversas a\u00e7\u00f5es questionando a validade da norma foram propostas na Justi\u00e7a Federal. E que decis\u00f5es contradit\u00f3rias sobre o assunto podem causar inseguran\u00e7a jur\u00eddica e afetar a capacidade do Estado brasileiro de atuar como mediador de um conflito social complexo.<\/p>\n<p>\u201cNesse contexto, \u00e9 imperioso que a jurisdi\u00e7\u00e3o constitucional objetiva seja empregada para aplacar essa situa\u00e7\u00e3o de instabilidade. Da\u00ed a import\u00e2ncia dessa Suprema Corte, com fundamento no poder cautelar constante da legisla\u00e7\u00e3o de reg\u00eancia, determinar a suspens\u00e3o dos processos em andamento de modo a conferir, at\u00e9 delibera\u00e7\u00e3o definitiva, a seguran\u00e7a jur\u00eddica que a presente situa\u00e7\u00e3o requer\u201d, conclui a AGU na manifesta\u00e7\u00e3o.<\/p>\n<p>A a\u00e7\u00e3o \u2013 que ainda n\u00e3o tem data para ser julgada \u2013 est\u00e1 sob relatoria do ministro Luiz Fux.<\/p>\n","protected":false},"excerpt":{"rendered":"<p>A Advocacia-Geral da Uni\u00e3o (AGU) apresentou nesta quinta-feira (14\/06) ao Supremo Tribunal Federal (STF) um pedido para que a tramita\u00e7\u00e3o de todas as a\u00e7\u00f5es propostas na Justi\u00e7a Federal brasileira para questionar a Medida Provis\u00f3ria n\u00ba 832\/18 \u2013 instituiu a pol\u00edtica de pre\u00e7os m\u00ednimos do transporte rodovi\u00e1rio de cargas \u2013 seja suspensa at\u00e9 que a pr\u00f3pria Corte analise o assunto A [&hellip;]<\/p>\n","protected":false},"author":27,"featured_media":0,"comment_status":"open","ping_status":"closed","sticky":false,"template":"","format":"standard","meta":{"footnotes":""},"categories":[2719],"tags":[203,12656,157,2803,1248,12290,2685,2236,7177,12655,3911,8559,34,1858,1861,3714],"class_list":["post-9426","post","type-post","status-publish","format-standard","hentry","category-servidor","tag-acoes","tag-adi-5956","tag-agu","tag-cargas","tag-decisao","tag-frete","tag-iniciativa","tag-justica-federal","tag-livre","tag-mp-8322018","tag-precos","tag-rodoviario","tag-stf","tag-supremo","tag-suspensas","tag-transporte"],"_links":{"self":[{"href":"https:\/\/blogs.correiobraziliense.com.br\/servidor\/wp-json\/wp\/v2\/posts\/9426","targetHints":{"allow":["GET"]}}],"collection":[{"href":"https:\/\/blogs.correiobraziliense.com.br\/servidor\/wp-json\/wp\/v2\/posts"}],"about":[{"href":"https:\/\/blogs.correiobraziliense.com.br\/servidor\/wp-json\/wp\/v2\/types\/post"}],"author":[{"embeddable":true,"href":"https:\/\/blogs.correiobraziliense.com.br\/servidor\/wp-json\/wp\/v2\/users\/27"}],"replies":[{"embeddable":true,"href":"https:\/\/blogs.correiobraziliense.com.br\/servidor\/wp-json\/wp\/v2\/comments?post=9426"}],"version-history":[{"count":1,"href":"https:\/\/blogs.correiobraziliense.com.br\/servidor\/wp-json\/wp\/v2\/posts\/9426\/revisions"}],"predecessor-version":[{"id":9427,"href":"https:\/\/blogs.correiobraziliense.com.br\/servidor\/wp-json\/wp\/v2\/posts\/9426\/revisions\/9427"}],"wp:attachment":[{"href":"https:\/\/blogs.correiobraziliense.com.br\/servidor\/wp-json\/wp\/v2\/media?parent=9426"}],"wp:term":[{"taxonomy":"category","embeddable":true,"href":"https:\/\/blogs.correiobraziliense.com.br\/servidor\/wp-json\/wp\/v2\/categories?post=9426"},{"taxonomy":"post_tag","embeddable":true,"href":"https:\/\/blogs.correiobraziliense.com.br\/servidor\/wp-json\/wp\/v2\/tags?post=9426"}],"curies":[{"name":"wp","href":"https:\/\/api.w.org\/{rel}","templated":true}]}}