{"id":9422,"date":"2018-06-14T17:09:31","date_gmt":"2018-06-14T20:09:31","guid":{"rendered":"https:\/\/blogs.correiobraziliense.com.br\/servidor\/?p=9422"},"modified":"2018-06-14T17:09:31","modified_gmt":"2018-06-14T20:09:31","slug":"seminario-fecha-em-brasilia-debate-nacional-sobre-limite-do-sigilo-fiscal","status":"publish","type":"post","link":"https:\/\/blogs.correiobraziliense.com.br\/servidor\/seminario-fecha-em-brasilia-debate-nacional-sobre-limite-do-sigilo-fiscal\/","title":{"rendered":"Semin\u00e1rio fecha em Bras\u00edlia debate nacional sobre limite do sigilo fiscal"},"content":{"rendered":"<p><em>O Sindicato Nacional dos Auditores Fiscais da Receita Federal (Sindifisco Nacional) realiza, dias 18 e 19 de junho, o \u00faltimo evento do semin\u00e1rio nacional \u201cO Sigilo Fiscal no Brasil\u201d. A ideia \u00e9 discutir os limites dessa prote\u00e7\u00e3o e em que momento ela serve de eficiente instrumento para corruptos e sonegadores. A discuss\u00e3o vem rodando o Pa\u00eds desde o ano passado, em todas as regi\u00f5es<\/em><\/p>\n<p>Entre os debatedores estar\u00e3o os professores Eurico de Santis e Andr\u00e9 Corr\u00eaa (Funda\u00e7\u00e3o Get\u00falio Vargas \u2013 S\u00e3o Paulo), Luiz Roberto Peroba (escrit\u00f3rio Pinheiro Neto Advogados), K\u00e1ssia de Paula (Natura Cosm\u00e9ticos), Paulo Barreto e Celso Campilongo (Universidade de S\u00e3o Paulo), al\u00e9m de auditores-fiscais e juristas.<\/p>\n<p>\u201cQuanto mais transpar\u00eancia, mais forte ficam as institui\u00e7\u00f5es. Essas opera\u00e7\u00f5es que v\u00eam passando o Brasil a limpo, como Lava Jato, Zelotes e Acr\u00f4nimo, apontaram que n\u00e3o se pode fechar os olhos aos dispositivos que facilitam a lavagem de dinheiro e a sonega\u00e7\u00e3o\u201d, destacou Cl\u00e1udio Damasceno, presidente do Sindifisco Nacional.<\/p>\n<p><strong>SERVI\u00c7O<\/strong><br \/>\nO qu\u00ea? Semin\u00e1rio nacional \u201cO Sigilo Fiscal no Brasil\u201d.<br \/>\nQuando? Dias 18 (segunda) e 19 (ter\u00e7a) de junho, a partir das 9h.<br \/>\nOnde? Instituto Brasiliense de Direito P\u00fablico (IDP), SGAS Qd. 607 \u2013 M\u00f3dulo 49 \u2013 Via L2 Sul.<\/p>\n","protected":false},"excerpt":{"rendered":"<p>O Sindicato Nacional dos Auditores Fiscais da Receita Federal (Sindifisco Nacional) realiza, dias 18 e 19 de junho, o \u00faltimo evento do semin\u00e1rio nacional \u201cO Sigilo Fiscal no Brasil\u201d. A ideia \u00e9 discutir os limites dessa prote\u00e7\u00e3o e em que momento ela serve de eficiente instrumento para corruptos e sonegadores. A discuss\u00e3o vem rodando o Pa\u00eds desde o ano passado, [&hellip;]<\/p>\n","protected":false},"author":27,"featured_media":0,"comment_status":"open","ping_status":"closed","sticky":false,"template":"","format":"standard","meta":{"footnotes":""},"categories":[2719],"tags":[31,6677,847,374,2533,1334,70,686,2746,294,267,12648,1750,7573],"class_list":["post-9422","post","type-post","status-publish","format-standard","hentry","category-servidor","tag-auditores","tag-corruptos","tag-debate","tag-dinheiro","tag-lavagem","tag-limite","tag-nacional","tag-operacoes","tag-protecao","tag-receita-federal","tag-seminario","tag-sigilo-fiscal","tag-sonegacao","tag-sonegadores"],"_links":{"self":[{"href":"https:\/\/blogs.correiobraziliense.com.br\/servidor\/wp-json\/wp\/v2\/posts\/9422","targetHints":{"allow":["GET"]}}],"collection":[{"href":"https:\/\/blogs.correiobraziliense.com.br\/servidor\/wp-json\/wp\/v2\/posts"}],"about":[{"href":"https:\/\/blogs.correiobraziliense.com.br\/servidor\/wp-json\/wp\/v2\/types\/post"}],"author":[{"embeddable":true,"href":"https:\/\/blogs.correiobraziliense.com.br\/servidor\/wp-json\/wp\/v2\/users\/27"}],"replies":[{"embeddable":true,"href":"https:\/\/blogs.correiobraziliense.com.br\/servidor\/wp-json\/wp\/v2\/comments?post=9422"}],"version-history":[{"count":1,"href":"https:\/\/blogs.correiobraziliense.com.br\/servidor\/wp-json\/wp\/v2\/posts\/9422\/revisions"}],"predecessor-version":[{"id":9423,"href":"https:\/\/blogs.correiobraziliense.com.br\/servidor\/wp-json\/wp\/v2\/posts\/9422\/revisions\/9423"}],"wp:attachment":[{"href":"https:\/\/blogs.correiobraziliense.com.br\/servidor\/wp-json\/wp\/v2\/media?parent=9422"}],"wp:term":[{"taxonomy":"category","embeddable":true,"href":"https:\/\/blogs.correiobraziliense.com.br\/servidor\/wp-json\/wp\/v2\/categories?post=9422"},{"taxonomy":"post_tag","embeddable":true,"href":"https:\/\/blogs.correiobraziliense.com.br\/servidor\/wp-json\/wp\/v2\/tags?post=9422"}],"curies":[{"name":"wp","href":"https:\/\/api.w.org\/{rel}","templated":true}]}}