{"id":942,"date":"2016-02-05T15:18:34","date_gmt":"2016-02-05T17:18:34","guid":{"rendered":"https:\/\/blogs.correiobraziliense.com.br\/servidor\/?p=942"},"modified":"2016-02-05T15:18:34","modified_gmt":"2016-02-05T17:18:34","slug":"confederacoes-intensificam-luta-pela-correcao-da-tabela-do-ir","status":"publish","type":"post","link":"https:\/\/blogs.correiobraziliense.com.br\/servidor\/confederacoes-intensificam-luta-pela-correcao-da-tabela-do-ir\/","title":{"rendered":"CONFEDERA\u00c7\u00d5ES INTENSIFICAM LUTA PELA CORRE\u00c7\u00c3O DA TABELA DO IR"},"content":{"rendered":"<p><em>Representantes de diferentes categorias defendem a atualiza\u00e7\u00e3o da tabela do IR. A defasagem da tabela vem se acumulando desde 1996, chegando a um total de 72,2%. Somente no ano passado, o IPCA foi de\u00a010,67%, enquanto a corre\u00e7\u00e3o m\u00e9dia nas faixas de renda da tabela foi de apenas 5,6%.<\/em><\/p>\n<p>Veja a\u00a0nota, na \u00edntegra:<\/p>\n<p>&#8220;As Confedera\u00e7\u00f5es Nacionais de Trabalhadores abaixo relacionadas manifestam toda sua preocupa\u00e7\u00e3o e prop\u00f5em medidas imediatas para o enfrentamento do preocupante momento da economia brasileira, no qual crescem o desemprego e a infla\u00e7\u00e3o e diminuem os investimentos produtivos e o consumo das fam\u00edlias.<\/p>\n<p>Por isto, entendemos que o governo deve assumir o compromisso de tomar medidas imediatas para aplacar os efeitos negativos da crise sobre a classe trabalhadora brasileira.<\/p>\n<p>A corre\u00e7\u00e3o da tabela do Imposto de Renda \u00e9 urgente para amenizar o impacto das obriga\u00e7\u00f5es tribut\u00e1rias sobre os milh\u00f5es de assalariados do Pa\u00eds. A falta de corre\u00e7\u00e3o da tabela do IR levar\u00e1 um enorme contingente de trabalhadores, antes isentos, a pagar impostos que ir\u00e3o corroer os reajustes salariais recentemente conquistados.<\/p>\n<p>A redu\u00e7\u00e3o dr\u00e1stica da taxa b\u00e1sica de juros (Selic) \u00e9, igualmente, uma necessidade imediata, que ser\u00e1 interpretada pelas for\u00e7as da economia real como uma sinaliza\u00e7\u00e3o fundamental para a retomada de investimentos produtivos.<\/p>\n<p>Para os trabalhadores \u00e9, ainda, fundamental o compromisso do governo em n\u00e3o retirar direitos e conquistas no contexto da reforma da Previd\u00eancia Social. N\u00e3o aceitaremos qualquer ataque aos direitos da classe trabalhadora.<\/p>\n<p>Tamb\u00e9m externamos nossa preocupa\u00e7\u00e3o quanto ao uso do FGTS em opera\u00e7\u00f5es que dificultem o seu retorno para seus verdadeiros fins, como para constru\u00e7\u00e3o de casa pr\u00f3pria e para infraestrutura urbana.<\/p>\n<p>Esperamos empenho efetivo do governo no combate ao Zica V\u00edrus, especialmente nas \u00e1reas onde ainda n\u00e3o existe saneamento b\u00e1sico.<\/p>\n<p>Entendemos que estas decis\u00f5es s\u00e3o imprescind\u00edveis para que os trabalhadores reconhe\u00e7am no governo inten\u00e7\u00f5es verdadeiras de supera\u00e7\u00e3o da crise sem o sacrif\u00edcio das gera\u00e7\u00f5es presentes e futuras.<\/p>\n<p>Sem estas sinaliza\u00e7\u00f5es, pode-se agravar a situa\u00e7\u00e3o de descolamento entre esse mesmo governo e suas bases trabalhistas, o que s\u00f3 tenderia a ampliar a crise pol\u00edtica que buscamos superar de maneira mais consequente e efetiva.<\/p>\n<p>Bras\u00edlia, fevereiro de 2016.<\/p>\n<p>CNTM &#8211; Confedera\u00e7\u00e3o Nacional dos Trabalhadores Metal\u00fargicos<\/p>\n<p>CNM &#8211; Confedera\u00e7\u00e3o Nacional dos Metal\u00fargicos<\/p>\n<p>CNTA &#8211; Confedera\u00e7\u00e3o Nacional dos Trabalhadores nas Ind\u00fastrias de Alimenta\u00e7\u00e3o e Afins<\/p>\n<p>CONACOVEST &#8211; Confedera\u00e7\u00e3o Nacional dos Trabalhadores nas Ind\u00fastrias do Setor T\u00eaxtil, Vestu\u00e1rio, Couro e Cal\u00e7ados<\/p>\n<p>CONTRATUH &#8211; Confedera\u00e7\u00e3o Nacional dos Trabalhadores em Turismo e Hospitalidade<\/p>\n<p>CONTEC &#8211; Confedera\u00e7\u00e3o Nacional dos Trabalhadores nas Empresas de Cr\u00e9dito<\/p>\n<p>CNTU &#8211; Confedera\u00e7\u00e3o Nacional dos Trabalhadores Liberais Universit\u00e1rios Regulamentados<\/p>\n<p>CNTC &#8211; Confedera\u00e7\u00e3o Nacional dos Trabalhadores no Com\u00e9rcio<\/p>\n<p>CNTQ &#8211; Confedera\u00e7\u00e3o Nacional dos Trabalhadores Qu\u00edmicos<\/p>\n<p>CNTTT &#8211; Confedera\u00e7\u00e3o Nacional dos Trabalhadores em Transportes Terrestres<\/p>\n<p>CONTAG &#8211; Confedera\u00e7\u00e3o Nacional dos Trabalhadores na Agricultura<\/p>\n<p>CSPB &#8211; Confedera\u00e7\u00e3o dos Servidores P\u00fablicos do Brasil<\/p>\n<p>CONTCOP &#8211; Confedera\u00e7\u00e3o Nacional dos Trabalhadores em Comunica\u00e7\u00f5es e Publicidade<\/p>\n<p>CNTEEC &#8211; Confedera\u00e7\u00e3o Nacional dos Trabalhadores em Estabelecimentos de Educa\u00e7\u00e3o e Cultura<\/p>\n<p>CONTRICOM &#8211; Confedera\u00e7\u00e3o Nacional dos Trabalhadores nas Ind\u00fastrias da Constru\u00e7\u00e3o e do Mobili\u00e1rio<\/p>\n<p>CNTS &#8211; Confedera\u00e7\u00e3o Nacional dos Trabalhadores na Sa\u00fade<\/p>\n<p>FST &#8211; F\u00f3rum Sindical dos Trabalhadores<\/p>\n","protected":false},"excerpt":{"rendered":"<p>Representantes de diferentes categorias defendem a atualiza\u00e7\u00e3o da tabela do IR. A defasagem da tabela vem se acumulando desde 1996, chegando a um total de 72,2%. Somente no ano passado, o IPCA foi de\u00a010,67%, enquanto a corre\u00e7\u00e3o m\u00e9dia nas faixas de renda da tabela foi de apenas 5,6%. Veja a\u00a0nota, na \u00edntegra: &#8220;As Confedera\u00e7\u00f5es Nacionais de Trabalhadores abaixo relacionadas manifestam [&hellip;]<\/p>\n","protected":false},"author":27,"featured_media":0,"comment_status":"open","ping_status":"closed","sticky":false,"template":"","format":"standard","meta":{"footnotes":""},"categories":[1],"tags":[756,759,757,447,719,758,354,19],"class_list":["post-942","post","type-post","status-publish","format-standard","hentry","category-sem-categoria","tag-confederacoes","tag-correcao","tag-intensificam","tag-ir","tag-luta","tag-pela","tag-tabela","tag-trabalhadores"],"_links":{"self":[{"href":"https:\/\/blogs.correiobraziliense.com.br\/servidor\/wp-json\/wp\/v2\/posts\/942","targetHints":{"allow":["GET"]}}],"collection":[{"href":"https:\/\/blogs.correiobraziliense.com.br\/servidor\/wp-json\/wp\/v2\/posts"}],"about":[{"href":"https:\/\/blogs.correiobraziliense.com.br\/servidor\/wp-json\/wp\/v2\/types\/post"}],"author":[{"embeddable":true,"href":"https:\/\/blogs.correiobraziliense.com.br\/servidor\/wp-json\/wp\/v2\/users\/27"}],"replies":[{"embeddable":true,"href":"https:\/\/blogs.correiobraziliense.com.br\/servidor\/wp-json\/wp\/v2\/comments?post=942"}],"version-history":[{"count":1,"href":"https:\/\/blogs.correiobraziliense.com.br\/servidor\/wp-json\/wp\/v2\/posts\/942\/revisions"}],"predecessor-version":[{"id":943,"href":"https:\/\/blogs.correiobraziliense.com.br\/servidor\/wp-json\/wp\/v2\/posts\/942\/revisions\/943"}],"wp:attachment":[{"href":"https:\/\/blogs.correiobraziliense.com.br\/servidor\/wp-json\/wp\/v2\/media?parent=942"}],"wp:term":[{"taxonomy":"category","embeddable":true,"href":"https:\/\/blogs.correiobraziliense.com.br\/servidor\/wp-json\/wp\/v2\/categories?post=942"},{"taxonomy":"post_tag","embeddable":true,"href":"https:\/\/blogs.correiobraziliense.com.br\/servidor\/wp-json\/wp\/v2\/tags?post=942"}],"curies":[{"name":"wp","href":"https:\/\/api.w.org\/{rel}","templated":true}]}}