{"id":9410,"date":"2018-06-13T19:14:43","date_gmt":"2018-06-13T22:14:43","guid":{"rendered":"https:\/\/blogs.correiobraziliense.com.br\/servidor\/?p=9410"},"modified":"2018-06-13T19:14:43","modified_gmt":"2018-06-13T22:14:43","slug":"fiesp-pede-na-justica-manutencao-das-condicoes-atuais-do-reintegra","status":"publish","type":"post","link":"https:\/\/blogs.correiobraziliense.com.br\/servidor\/fiesp-pede-na-justica-manutencao-das-condicoes-atuais-do-reintegra\/","title":{"rendered":"Fiesp pede na Justi\u00e7a manuten\u00e7\u00e3o das condi\u00e7\u00f5es atuais do Reintegra"},"content":{"rendered":"<p>A Federa\u00e7\u00e3o das Ind\u00fastrias do Estado de S\u00e3o Paulo (Fiesp) informou, por meio de nota, que ingressou com mandado de seguran\u00e7a junto \u00e0 2\u00aa Vara C\u00edvel da Justi\u00e7a Federal de S\u00e3o Paulo, requerendo a manuten\u00e7\u00e3o das atuais condi\u00e7\u00f5es do programa Reintegra, de reintegra\u00e7\u00e3o de valores tribut\u00e1rios para empresas exportadoras. O processo encontra-se com o juiz para aprecia\u00e7\u00e3o do pedido de liminar.<\/p>\n","protected":false},"excerpt":{"rendered":"<p>A Federa\u00e7\u00e3o das Ind\u00fastrias do Estado de S\u00e3o Paulo (Fiesp) informou, por meio de nota, que ingressou com mandado de seguran\u00e7a junto \u00e0 2\u00aa Vara C\u00edvel da Justi\u00e7a Federal de S\u00e3o Paulo, requerendo a manuten\u00e7\u00e3o das atuais condi\u00e7\u00f5es do programa Reintegra, de reintegra\u00e7\u00e3o de valores tribut\u00e1rios para empresas exportadoras. O processo encontra-se com o juiz para aprecia\u00e7\u00e3o do pedido de [&hellip;]<\/p>\n","protected":false},"author":27,"featured_media":0,"comment_status":"open","ping_status":"closed","sticky":false,"template":"","format":"standard","meta":{"footnotes":""},"categories":[2719],"tags":[390,12637,3334,260,9227,1087,1808],"class_list":["post-9410","post","type-post","status-publish","format-standard","hentry","category-servidor","tag-empresas","tag-exportadoras","tag-fiesp","tag-justica","tag-reintegra","tag-tributarios","tag-valores"],"_links":{"self":[{"href":"https:\/\/blogs.correiobraziliense.com.br\/servidor\/wp-json\/wp\/v2\/posts\/9410","targetHints":{"allow":["GET"]}}],"collection":[{"href":"https:\/\/blogs.correiobraziliense.com.br\/servidor\/wp-json\/wp\/v2\/posts"}],"about":[{"href":"https:\/\/blogs.correiobraziliense.com.br\/servidor\/wp-json\/wp\/v2\/types\/post"}],"author":[{"embeddable":true,"href":"https:\/\/blogs.correiobraziliense.com.br\/servidor\/wp-json\/wp\/v2\/users\/27"}],"replies":[{"embeddable":true,"href":"https:\/\/blogs.correiobraziliense.com.br\/servidor\/wp-json\/wp\/v2\/comments?post=9410"}],"version-history":[{"count":1,"href":"https:\/\/blogs.correiobraziliense.com.br\/servidor\/wp-json\/wp\/v2\/posts\/9410\/revisions"}],"predecessor-version":[{"id":9411,"href":"https:\/\/blogs.correiobraziliense.com.br\/servidor\/wp-json\/wp\/v2\/posts\/9410\/revisions\/9411"}],"wp:attachment":[{"href":"https:\/\/blogs.correiobraziliense.com.br\/servidor\/wp-json\/wp\/v2\/media?parent=9410"}],"wp:term":[{"taxonomy":"category","embeddable":true,"href":"https:\/\/blogs.correiobraziliense.com.br\/servidor\/wp-json\/wp\/v2\/categories?post=9410"},{"taxonomy":"post_tag","embeddable":true,"href":"https:\/\/blogs.correiobraziliense.com.br\/servidor\/wp-json\/wp\/v2\/tags?post=9410"}],"curies":[{"name":"wp","href":"https:\/\/api.w.org\/{rel}","templated":true}]}}