{"id":9405,"date":"2018-06-13T17:49:47","date_gmt":"2018-06-13T20:49:47","guid":{"rendered":"https:\/\/blogs.correiobraziliense.com.br\/servidor\/?p=9405"},"modified":"2018-06-13T17:50:08","modified_gmt":"2018-06-13T20:50:08","slug":"tecnica-do-iphan-conquista-na-justica-remuneracao-especial","status":"publish","type":"post","link":"https:\/\/blogs.correiobraziliense.com.br\/servidor\/tecnica-do-iphan-conquista-na-justica-remuneracao-especial\/","title":{"rendered":"T\u00e9cnica do Iphan conquista na Justi\u00e7a remunera\u00e7\u00e3o especial"},"content":{"rendered":"<p><em>Com a decis\u00e3o, a arquiteta passa a aderir \u00e0 Estrutura Remunerat\u00f3ria Especial do \u00f3rg\u00e3o<\/em><\/p>\n<p>A 1\u00aa Turma Recursal do Juizado Especial Federal aceitou o recurso apresentado pelo escrit\u00f3rio\u00a0Mauro Menezes &amp; Advogados e reconheceu o direito de uma servidora p\u00fablica do Instituto do Patrim\u00f4nio Hist\u00f3rico e Art\u00edstico Nacional (Iphan), que exerce a fun\u00e7\u00e3o de arquiteta, a aderir \u00e0 Estrutura Remunerat\u00f3ria Especial para o cargo de provimento efetivo de n\u00edvel superior. A Turma Recursal tamb\u00e9m garantiu o direito da servidora ao recebimento retroativo das diferen\u00e7as que deixou de auferir desde 1\u00ba de julho de 2010.<\/p>\n<p>A Lei n\u00ba 12.277\/2010 instituiu a Estrutura Remunerat\u00f3ria Especial, composta de Vencimento B\u00e1sico e Gratifica\u00e7\u00e3o de Desempenho de Atividade de Cargos Espec\u00edficos \u2013 GDACE, para os cargos efetivos, de n\u00edvel superior, de engenheiro, arquiteto, economista, estat\u00edstico e ge\u00f3logo, regidos pela Lei n\u00ba 8.112\/90, integrantes dos Planos de Carreiras e de Cargos referidos no Anexo XII da Lei em comento.<\/p>\n<p>O advogado\u00a0Leandro Madureira, subcoordenador de direito p\u00fablico do escrit\u00f3rio que representa a autora da a\u00e7\u00e3o, explicou que \u201csegundo a lei, poder\u00e3o optar pela nova estrutura remunerat\u00f3ria os servidores ocupantes dos cargos de engenheiro, arquiteto, economista, estat\u00edstico e ge\u00f3logo, integrantes do Plano Especial de Cargos da Cultura regido pela Lei 11.233\/2005, o que alcan\u00e7a os servidores do Instituto do Patrim\u00f4nio Hist\u00f3rico e Art\u00edstico Nacional \u2013 Iphan\u201d.<\/p>\n<p>Contudo, o Iphan impediu a op\u00e7\u00e3o \u00e0 nova estrutura remunerat\u00f3ria pela servidora, investida no cargo de \u201ct\u00e9cnica em preserva\u00e7\u00e3o arquitet\u00f4nica\u201d, argumentando que em sua ficha funcional consta a nomenclatura de t\u00e9cnico II &#8211; III- S para o cargo que exerce. Ou seja, o impedimento se deu em virtude da nomenclatura do cargo exercid.<\/p>\n<p>A 1\u00aa Turma Recursal do Juizado Especial Federal utilizou o entendimento da Turma Nacional de Uniformiza\u00e7\u00e3o \u2013 TNU para dar provimento ao recurso, segundo o qual \u201ca interpreta\u00e7\u00e3o administrativa conferida \u00e0 Lei n\u00ba 12.777\/10 n\u00e3o se encontra de acordo com a Constitui\u00e7\u00e3o Federal nem com a Lei 8.112\/90, haja vista n\u00e3o ser razo\u00e1vel que tenha sido editada uma lei com a cria\u00e7\u00e3o de uma nova estrutura remunerat\u00f3ria com o intuito de beneficiar apenas 16 pessoas\u201d.<\/p>\n<p>Segundo a advogada\u00a0Andreia Mendes, tamb\u00e9m do escrit\u00f3rio\u00a0Mauro Menezes &amp; Advogados, \u201ca Turma considerou ainda que o pr\u00f3prio Iphan reconheceu, na Nota T\u00e9cnica n\u00ba 01\/2010\/GAB\/DPA, que as atribui\u00e7\u00f5es dos cargos s\u00e3o semelhantes, bem como que a quest\u00e3o n\u00e3o deve se restringir \u00e0 nomenclatura dos cargos (\u201ct\u00e9cnico\u201d ou \u201canalista\u201d), e sim \u00e0s atribui\u00e7\u00f5es exercidas pelo servidor (engenheiro, arquiteto, economista, estat\u00edstico e ge\u00f3logo)\u201d.<\/p>\n<p>J\u00e1 a advogada\u00a0Rubst\u00eania Silva, que tamb\u00e9m comp\u00f5e a defesa, destaca que para os servidores t\u00e9cnicos com atua\u00e7\u00e3o nas referenciadas \u00e1reas, considerou-se que eles exerceriam as mesmas atribui\u00e7\u00f5es dos denominados \u201carquitetos\u201d, \u201cengenheiros\u201d , \u201ceconomistas\u201d , \u201cestat\u00edsticos\u201d e \u201cge\u00f3logos\u201d oriundos de outros \u00f3rg\u00e3os e redistribu\u00eddos ao Iphan. \u201cSeria imperioso o reconhecimento do direito desses servidores \u00e0 op\u00e7\u00e3o pela estrutura remunerat\u00f3ria e, por conseguinte, \u00e0s diferen\u00e7as remunerat\u00f3rias da\u00ed decorrentes\u201d, finaliza. Da decis\u00e3o, ainda cabe recurso.<\/p>\n","protected":false},"excerpt":{"rendered":"<p>Com a decis\u00e3o, a arquiteta passa a aderir \u00e0 Estrutura Remunerat\u00f3ria Especial do \u00f3rg\u00e3o A 1\u00aa Turma Recursal do Juizado Especial Federal aceitou o recurso apresentado pelo escrit\u00f3rio\u00a0Mauro Menezes &amp; Advogados e reconheceu o direito de uma servidora p\u00fablica do Instituto do Patrim\u00f4nio Hist\u00f3rico e Art\u00edstico Nacional (Iphan), que exerce a fun\u00e7\u00e3o de arquiteta, a aderir \u00e0 Estrutura Remunerat\u00f3ria Especial [&hellip;]<\/p>\n","protected":false},"author":27,"featured_media":0,"comment_status":"open","ping_status":"closed","sticky":false,"template":"","format":"standard","meta":{"footnotes":""},"categories":[2719],"tags":[176,12631,12633,300,2333,12634,12632,1202,8607,12635,8271,260,309,1620,3796,1470,4162,369],"class_list":["post-9405","post","type-post","status-publish","format-standard","hentry","category-servidor","tag-acao","tag-arquiteta","tag-arquiteto","tag-cargo","tag-diferencas","tag-economita","tag-engenhiero","tag-especial","tag-estatistico","tag-geologo","tag-iphan","tag-justica","tag-nivel-superior","tag-remuneracao","tag-retroativo","tag-salariais","tag-servidora","tag-tecnica"],"_links":{"self":[{"href":"https:\/\/blogs.correiobraziliense.com.br\/servidor\/wp-json\/wp\/v2\/posts\/9405","targetHints":{"allow":["GET"]}}],"collection":[{"href":"https:\/\/blogs.correiobraziliense.com.br\/servidor\/wp-json\/wp\/v2\/posts"}],"about":[{"href":"https:\/\/blogs.correiobraziliense.com.br\/servidor\/wp-json\/wp\/v2\/types\/post"}],"author":[{"embeddable":true,"href":"https:\/\/blogs.correiobraziliense.com.br\/servidor\/wp-json\/wp\/v2\/users\/27"}],"replies":[{"embeddable":true,"href":"https:\/\/blogs.correiobraziliense.com.br\/servidor\/wp-json\/wp\/v2\/comments?post=9405"}],"version-history":[{"count":1,"href":"https:\/\/blogs.correiobraziliense.com.br\/servidor\/wp-json\/wp\/v2\/posts\/9405\/revisions"}],"predecessor-version":[{"id":9406,"href":"https:\/\/blogs.correiobraziliense.com.br\/servidor\/wp-json\/wp\/v2\/posts\/9405\/revisions\/9406"}],"wp:attachment":[{"href":"https:\/\/blogs.correiobraziliense.com.br\/servidor\/wp-json\/wp\/v2\/media?parent=9405"}],"wp:term":[{"taxonomy":"category","embeddable":true,"href":"https:\/\/blogs.correiobraziliense.com.br\/servidor\/wp-json\/wp\/v2\/categories?post=9405"},{"taxonomy":"post_tag","embeddable":true,"href":"https:\/\/blogs.correiobraziliense.com.br\/servidor\/wp-json\/wp\/v2\/tags?post=9405"}],"curies":[{"name":"wp","href":"https:\/\/api.w.org\/{rel}","templated":true}]}}