{"id":9401,"date":"2018-06-13T15:16:10","date_gmt":"2018-06-13T18:16:10","guid":{"rendered":"https:\/\/blogs.correiobraziliense.com.br\/servidor\/?p=9401"},"modified":"2018-06-13T15:16:10","modified_gmt":"2018-06-13T18:16:10","slug":"trabalho-dos-auditores-evita-que-uniao-europeia-imponha-sancoes-mais-severas-aos-exportadores-de-amendoim","status":"publish","type":"post","link":"https:\/\/blogs.correiobraziliense.com.br\/servidor\/trabalho-dos-auditores-evita-que-uniao-europeia-imponha-sancoes-mais-severas-aos-exportadores-de-amendoim\/","title":{"rendered":"Trabalho dos auditores evita que Uni\u00e3o Europeia imponha san\u00e7\u00f5es mais severas aos exportadores de amendoim"},"content":{"rendered":"<p><em>Em janeiro de 2016 a Uni\u00e3o Europeia imp\u00f4s uma s\u00e9rie de medidas para que o amendoim brasileiro pudesse ser importado. O Minist\u00e9rio da Agricultura, Pecu\u00e1ria e Abastecimento (Mapa) \u00e9 o \u00f3rg\u00e3o respons\u00e1vel pelo controle de micotoxinas na exporta\u00e7\u00e3o. O bloco \u00e9 o destino de 52% da produ\u00e7\u00e3o nacional<\/em><\/p>\n<p>Em 2017, o Brasil exportou 153 mil toneladas de amendoim para mais de 50 pa\u00edses. Do volume exportado, 69 mil toneladas \u2013 45% do total \u2013 passaram pela Esta\u00e7\u00e3o Aduaneira do Interior, em Bauru\/SP (Eadi-Bauru). Aproximadamente 30 mil toneladas tiveram como destino a Uni\u00e3o Europeia. No entanto, 6 mil (20%) foram indeferidas pelos auditores fiscais federais agropecu\u00e1rios (Affas), por estarem contaminadas por micotoxinas, que s\u00e3o toxinas provenientes de fungos. Os dados s\u00e3o relevantes, especialmente porque o Brasil, desde 2016, est\u00e1 com as exporta\u00e7\u00f5es para a Uni\u00e3o Europeia (UE) sub judice<\/p>\n<p>Em janeiro de 2016 a Uni\u00e3o Europeia imp\u00f4s uma s\u00e9rie de medidas para que o amendoim brasileiro pudesse ser importado e designou o Minist\u00e9rio da Agricultura, Pecu\u00e1ria e Abastecimento (Mapa) como \u00f3rg\u00e3o respons\u00e1vel pelo controle de micotoxinas na exporta\u00e7\u00e3o. O bloco \u00e9 o destino de 52% da produ\u00e7\u00e3o nacional. \u201cCom o p\u00eds estando sub judice, a fiscaliza\u00e7\u00e3o \u00e9 maior. Todo produto que chega l\u00e1 tem de estar dentro do mais alto rigor de fiscaliza\u00e7\u00e3o para evitar a suspens\u00e3o da importa\u00e7\u00e3o, o que prejudicaria o produtor e reduziria o n\u00famero de postos de trabalho no campo\u201d, explica o auditor fiscal federal agropecu\u00e1rio Andr\u00e9 Augusto Francese, respons\u00e1vel pelo Mapa na Eadi-Bauru.<\/p>\n<p>Hoje, 11 empresas exportam para a Uni\u00e3o Europeia e 9 operam na esta\u00e7\u00e3o de Bauru. \u201cO fato de 82% das exporta\u00e7\u00f5es para o bloco serem operadas por aqui, mostra que atingimos um alto grau de organiza\u00e7\u00e3o, transpar\u00eancia e comprometimento com a qualidade do produto que fiscalizamos\u201d, destaca Francese. Pontualidade, rigor t\u00e9cnico, apresenta\u00e7\u00e3o da carga, seguran\u00e7a do produto e da opera\u00e7\u00e3o, aplica\u00e7\u00e3o de metas com todos os prestadores de servi\u00e7o est\u00e3o entre os diferenciais de gest\u00e3o que levaram a Eadi-Bauru a se tornar uma refer\u00eancia para os exportadores. O amendoim sozinho foi respons\u00e1vel por 0,13% das exporta\u00e7\u00f5es brasileiras em 2017.<\/p>\n<p>O principal problema detectado pelos Affas naquela esta\u00e7\u00e3o aduaneira \u00e9, de fato, a contamina\u00e7\u00e3o por micotoxinas. \u201cElas s\u00e3o cancer\u00edgenas e t\u00f3xicas para o organismo do homem e dos animais. Para evitar que essa contamina\u00e7\u00e3o chegue ao consumidor final, todos os lotes enviados pelas empresas s\u00e3o analisados pela fiscaliza\u00e7\u00e3o\u201d, afirma Francese. O produto reprovado se transforma em alimenta\u00e7\u00e3o animal e, a depender da condi\u00e7\u00e3o, \u00e9 destinado \u00e0 ind\u00fastria de \u00f3leo.<\/p>\n<p>Embora apenas 11 empresas exportem hoje para a UE, h\u00e1 13 registradas no Sistema de Cadastro dos Agentes da Cadeia Produtiva de Vegetais e seus Produtos (Sicasq) do Mapa, sistema a que os exportadores precisam estar vinculados para poder exportar. Das empresas cadastradas como exportadora para a Uni\u00e3o Europeia, somente uma n\u00e3o opera nesse terminal, mas sim na Esta\u00e7\u00e3o Aduaneira do Interior em Campinas.<\/p>\n<p>Sobre os Auditores Fiscais Federais Agropecu\u00e1rios<br \/>\nO Sindicato Nacional dos Auditores Fiscais Federais Agropecu\u00e1rios (Anffa Sindical) \u00e9 a entidade representativa dos integrantes da carreira de Auditor Fiscal Federal Agropecu\u00e1rio. Os profissionais s\u00e3o engenheiros agr\u00f4nomos, farmac\u00eauticos, qu\u00edmicos, m\u00e9dicos veterin\u00e1rios e zootecnistas que exercem suas fun\u00e7\u00f5es para garantir qualidade de vida, sa\u00fade e seguran\u00e7a alimentar para as fam\u00edlias brasileiras. Atualmente existem 2,7 mil fiscais na ativa, que atuam nas \u00e1reas de auditoria e fiscaliza\u00e7\u00e3o, desde a fabrica\u00e7\u00e3o de insumos, como vacinas, ra\u00e7\u00f5es, sementes, fertilizantes, agrot\u00f3xicos etc., at\u00e9 o produto final, como sucos, refrigerantes, bebidas alco\u00f3licas, produtos vegetais (arroz, feij\u00e3o, \u00f3leos, azeites etc.), latic\u00ednios, ovos, m\u00e9is e carnes. Os profissionais tamb\u00e9m est\u00e3o nos campos, nas agroind\u00fastrias, nas institui\u00e7\u00f5es de pesquisa, nos laborat\u00f3rios nacionais agropecu\u00e1rios, nos supermercados, nos portos, aeroportos e postos de fronteira, no acompanhamento dos programas agropecu\u00e1rios e nas negocia\u00e7\u00f5es e rela\u00e7\u00f5es internacionais do agroneg\u00f3cio. Do campo \u00e0 mesa, dos pastos aos portos, do agroneg\u00f3cio para o Brasil e para o mundo.<\/p>\n","protected":false},"excerpt":{"rendered":"<p>Em janeiro de 2016 a Uni\u00e3o Europeia imp\u00f4s uma s\u00e9rie de medidas para que o amendoim brasileiro pudesse ser importado. O Minist\u00e9rio da Agricultura, Pecu\u00e1ria e Abastecimento (Mapa) \u00e9 o \u00f3rg\u00e3o respons\u00e1vel pelo controle de micotoxinas na exporta\u00e7\u00e3o. O bloco \u00e9 o destino de 52% da produ\u00e7\u00e3o nacional Em 2017, o Brasil exportou 153 mil toneladas de amendoim para mais [&hellip;]<\/p>\n","protected":false},"author":27,"featured_media":0,"comment_status":"open","ping_status":"closed","sticky":false,"template":"","format":"standard","meta":{"footnotes":""},"categories":[2719],"tags":[7498,13,12626,31,12628,12625,12629,14,12627,2372,6978,9097,10466],"class_list":["post-9401","post","type-post","status-publish","format-standard","hentry","category-servidor","tag-affas","tag-agropecuarios","tag-amendoim","tag-auditores","tag-contaminadoas","tag-exportadores","tag-fungos","tag-mapa","tag-micotoxinas","tag-producao","tag-sancoes","tag-toneladas","tag-uniao-europeia"],"_links":{"self":[{"href":"https:\/\/blogs.correiobraziliense.com.br\/servidor\/wp-json\/wp\/v2\/posts\/9401","targetHints":{"allow":["GET"]}}],"collection":[{"href":"https:\/\/blogs.correiobraziliense.com.br\/servidor\/wp-json\/wp\/v2\/posts"}],"about":[{"href":"https:\/\/blogs.correiobraziliense.com.br\/servidor\/wp-json\/wp\/v2\/types\/post"}],"author":[{"embeddable":true,"href":"https:\/\/blogs.correiobraziliense.com.br\/servidor\/wp-json\/wp\/v2\/users\/27"}],"replies":[{"embeddable":true,"href":"https:\/\/blogs.correiobraziliense.com.br\/servidor\/wp-json\/wp\/v2\/comments?post=9401"}],"version-history":[{"count":1,"href":"https:\/\/blogs.correiobraziliense.com.br\/servidor\/wp-json\/wp\/v2\/posts\/9401\/revisions"}],"predecessor-version":[{"id":9402,"href":"https:\/\/blogs.correiobraziliense.com.br\/servidor\/wp-json\/wp\/v2\/posts\/9401\/revisions\/9402"}],"wp:attachment":[{"href":"https:\/\/blogs.correiobraziliense.com.br\/servidor\/wp-json\/wp\/v2\/media?parent=9401"}],"wp:term":[{"taxonomy":"category","embeddable":true,"href":"https:\/\/blogs.correiobraziliense.com.br\/servidor\/wp-json\/wp\/v2\/categories?post=9401"},{"taxonomy":"post_tag","embeddable":true,"href":"https:\/\/blogs.correiobraziliense.com.br\/servidor\/wp-json\/wp\/v2\/tags?post=9401"}],"curies":[{"name":"wp","href":"https:\/\/api.w.org\/{rel}","templated":true}]}}