{"id":9389,"date":"2018-06-12T19:12:27","date_gmt":"2018-06-12T22:12:27","guid":{"rendered":"https:\/\/blogs.correiobraziliense.com.br\/servidor\/?p=9389"},"modified":"2018-06-12T19:12:27","modified_gmt":"2018-06-12T22:12:27","slug":"ampliacao-dos-saques-do-pis-pasep","status":"publish","type":"post","link":"https:\/\/blogs.correiobraziliense.com.br\/servidor\/ampliacao-dos-saques-do-pis-pasep\/","title":{"rendered":"Amplia\u00e7\u00e3o dos saques do PIS-Pasep"},"content":{"rendered":"<p>O presidente da Rep\u00fablica, Michel Temer, sanciona lei e assina decreto nesta quarta-feira (13) que garantem a amplia\u00e7\u00e3o dos saques do fundo PIS-Pasep, estendendo o benef\u00edcio para os cotistas de todas as idades que trabalharam entre 1971 e 1988. Participam da cerim\u00f4nia de an\u00fancio da amplia\u00e7\u00e3o dos benef\u00edcios o ministro-chefe da Casa Civil da Presid\u00eancia da Rep\u00fablica, Eliseu Padilha; e do Trabalho e Emprego; Helton Yomura; o secret\u00e1rio-executivo do Minist\u00e9rio do Planejamento, Desenvolvimento e Gest\u00e3o (MP), Gleisson Rubin; e os presidentes do Banco do Brasil (BB), Paulo Rog\u00e9rio Caffarelli; e da Caixa Econ\u00f4mica Federal (CEF), Nelson Ant\u00f4nio de Souza.<\/p>\n<p>&nbsp;<\/p>\n","protected":false},"excerpt":{"rendered":"<p>O presidente da Rep\u00fablica, Michel Temer, sanciona lei e assina decreto nesta quarta-feira (13) que garantem a amplia\u00e7\u00e3o dos saques do fundo PIS-Pasep, estendendo o benef\u00edcio para os cotistas de todas as idades que trabalharam entre 1971 e 1988. Participam da cerim\u00f4nia de an\u00fancio da amplia\u00e7\u00e3o dos benef\u00edcios o ministro-chefe da Casa Civil da Presid\u00eancia da Rep\u00fablica, Eliseu Padilha; e [&hellip;]<\/p>\n","protected":false},"author":27,"featured_media":0,"comment_status":"open","ping_status":"closed","sticky":false,"template":"","format":"standard","meta":{"footnotes":""},"categories":[2719],"tags":[4021,386,416,1172,1665,1668],"class_list":["post-9389","post","type-post","status-publish","format-standard","hentry","category-servidor","tag-ampliacao","tag-beneficio","tag-cotistas","tag-decreto","tag-pis-pasep","tag-saques"],"_links":{"self":[{"href":"https:\/\/blogs.correiobraziliense.com.br\/servidor\/wp-json\/wp\/v2\/posts\/9389","targetHints":{"allow":["GET"]}}],"collection":[{"href":"https:\/\/blogs.correiobraziliense.com.br\/servidor\/wp-json\/wp\/v2\/posts"}],"about":[{"href":"https:\/\/blogs.correiobraziliense.com.br\/servidor\/wp-json\/wp\/v2\/types\/post"}],"author":[{"embeddable":true,"href":"https:\/\/blogs.correiobraziliense.com.br\/servidor\/wp-json\/wp\/v2\/users\/27"}],"replies":[{"embeddable":true,"href":"https:\/\/blogs.correiobraziliense.com.br\/servidor\/wp-json\/wp\/v2\/comments?post=9389"}],"version-history":[{"count":1,"href":"https:\/\/blogs.correiobraziliense.com.br\/servidor\/wp-json\/wp\/v2\/posts\/9389\/revisions"}],"predecessor-version":[{"id":9390,"href":"https:\/\/blogs.correiobraziliense.com.br\/servidor\/wp-json\/wp\/v2\/posts\/9389\/revisions\/9390"}],"wp:attachment":[{"href":"https:\/\/blogs.correiobraziliense.com.br\/servidor\/wp-json\/wp\/v2\/media?parent=9389"}],"wp:term":[{"taxonomy":"category","embeddable":true,"href":"https:\/\/blogs.correiobraziliense.com.br\/servidor\/wp-json\/wp\/v2\/categories?post=9389"},{"taxonomy":"post_tag","embeddable":true,"href":"https:\/\/blogs.correiobraziliense.com.br\/servidor\/wp-json\/wp\/v2\/tags?post=9389"}],"curies":[{"name":"wp","href":"https:\/\/api.w.org\/{rel}","templated":true}]}}