{"id":9374,"date":"2018-06-11T17:10:29","date_gmt":"2018-06-11T20:10:29","guid":{"rendered":"https:\/\/blogs.correiobraziliense.com.br\/servidor\/?p=9374"},"modified":"2018-06-11T17:10:29","modified_gmt":"2018-06-11T20:10:29","slug":"comissao-discute-indicacao-politica-para-o-icmbio-nesta-terca-12","status":"publish","type":"post","link":"https:\/\/blogs.correiobraziliense.com.br\/servidor\/comissao-discute-indicacao-politica-para-o-icmbio-nesta-terca-12\/","title":{"rendered":"Comiss\u00e3o discute indica\u00e7\u00e3o pol\u00edtica para o ICMbio nesta ter\u00e7a (12)"},"content":{"rendered":"<p><em>A Comiss\u00e3o de Legisla\u00e7\u00e3o Participativa (CLP) da C\u00e2mara Federal ter\u00e1, nesta ter\u00e7a-feira (12\/6), \u00e0s 10h, audi\u00eancia p\u00fablica para discutir os riscos de retrocesso ambiental com a possibilidade de nomea\u00e7\u00e3o pol\u00edtica do novo presidente do Instituto Chico Mendes de Biodiversidade (ICMbio). A audi\u00eancia \u00e9 uma iniciativa da deputada federal Erika Lula Kokay (PT-DF)<\/em><\/p>\n<p>A parlamentar justificou seu pedido a partir de carta divulgada pela Rede Nacional Pro-Unidades de Conserva\u00e7\u00e3o, na qual servidores do ICMbio repudiaram a possibilidade de nomea\u00e7\u00e3o de Caio Tavares Souza, membro do Partido Republicano pela Ordem Social (PROS), para presidir o Instituto.<\/p>\n<p>De acordo com a parlamentar, \u00e9 inaceit\u00e1vel que o governo indique um nome que n\u00e3o tem rela\u00e7\u00e3o alguma com o meio ambiente.<\/p>\n<p>\u201cQueremos discutir a indica\u00e7\u00e3o de um nome que tem como \u00fanica experi\u00eancia no curr\u00edculo ser assessor de um partido pol\u00edtico, algu\u00e9m que n\u00e3o tem hist\u00f3ria e rela\u00e7\u00e3o com a \u00e1rea para presidir um \u00f3rg\u00e3o da import\u00e2ncia do ICMbio\u201d, diz Kokay, ao destacar os riscos de retrocesso para a pol\u00edtica ambiental de mais de 330 unidades de conserva\u00e7\u00e3o em todo o pa\u00eds.<\/p>\n<p>Est\u00e3o convidados para discutir o tema:<\/p>\n<p>&#8211; Edson Duarte, ministro de Estado Substituto de Meio Ambiente;<\/p>\n<p>&#8211; Carlos Marun, ministro-chefe da Secretaria de Governo da Presid\u00eancia da Rep\u00fablica;<\/p>\n<p>&#8211; Henrique Marques Ribeiro da Silva, presidente da Associa\u00e7\u00e3o Nacional dos Servidores Ambientais &#8211; Ascema;<\/p>\n<p>&#8211; Jonas Moraes Corr\u00eaa, presidente da Associa\u00e7\u00e3o dos Servidores de Carreira de Especialista de Meio Ambiente do Distrito Federal &#8211; Asibama\/DF.<\/p>\n","protected":false},"excerpt":{"rendered":"<p>A Comiss\u00e3o de Legisla\u00e7\u00e3o Participativa (CLP) da C\u00e2mara Federal ter\u00e1, nesta ter\u00e7a-feira (12\/6), \u00e0s 10h, audi\u00eancia p\u00fablica para discutir os riscos de retrocesso ambiental com a possibilidade de nomea\u00e7\u00e3o pol\u00edtica do novo presidente do Instituto Chico Mendes de Biodiversidade (ICMbio). A audi\u00eancia \u00e9 uma iniciativa da deputada federal Erika Lula Kokay (PT-DF) A parlamentar justificou seu pedido a partir de [&hellip;]<\/p>\n","protected":false},"author":27,"featured_media":0,"comment_status":"open","ping_status":"closed","sticky":false,"template":"","format":"standard","meta":{"footnotes":""},"categories":[2719],"tags":[9386,192,61,4795,1150,7142,247,12378,2165,2602,307,1415,81,705],"class_list":["post-9374","post","type-post","status-publish","format-standard","hentry","category-servidor","tag-ambiental","tag-audiencia","tag-camara","tag-clp","tag-comissao","tag-conservacao","tag-fisco","tag-icmbio","tag-indicacao","tag-meio-ambiente","tag-nomeacao","tag-politica","tag-presidente","tag-retrocesso"],"_links":{"self":[{"href":"https:\/\/blogs.correiobraziliense.com.br\/servidor\/wp-json\/wp\/v2\/posts\/9374","targetHints":{"allow":["GET"]}}],"collection":[{"href":"https:\/\/blogs.correiobraziliense.com.br\/servidor\/wp-json\/wp\/v2\/posts"}],"about":[{"href":"https:\/\/blogs.correiobraziliense.com.br\/servidor\/wp-json\/wp\/v2\/types\/post"}],"author":[{"embeddable":true,"href":"https:\/\/blogs.correiobraziliense.com.br\/servidor\/wp-json\/wp\/v2\/users\/27"}],"replies":[{"embeddable":true,"href":"https:\/\/blogs.correiobraziliense.com.br\/servidor\/wp-json\/wp\/v2\/comments?post=9374"}],"version-history":[{"count":1,"href":"https:\/\/blogs.correiobraziliense.com.br\/servidor\/wp-json\/wp\/v2\/posts\/9374\/revisions"}],"predecessor-version":[{"id":9375,"href":"https:\/\/blogs.correiobraziliense.com.br\/servidor\/wp-json\/wp\/v2\/posts\/9374\/revisions\/9375"}],"wp:attachment":[{"href":"https:\/\/blogs.correiobraziliense.com.br\/servidor\/wp-json\/wp\/v2\/media?parent=9374"}],"wp:term":[{"taxonomy":"category","embeddable":true,"href":"https:\/\/blogs.correiobraziliense.com.br\/servidor\/wp-json\/wp\/v2\/categories?post=9374"},{"taxonomy":"post_tag","embeddable":true,"href":"https:\/\/blogs.correiobraziliense.com.br\/servidor\/wp-json\/wp\/v2\/tags?post=9374"}],"curies":[{"name":"wp","href":"https:\/\/api.w.org\/{rel}","templated":true}]}}