{"id":9372,"date":"2018-06-11T16:51:57","date_gmt":"2018-06-11T19:51:57","guid":{"rendered":"https:\/\/blogs.correiobraziliense.com.br\/servidor\/?p=9372"},"modified":"2018-06-11T16:51:57","modified_gmt":"2018-06-11T19:51:57","slug":"audiencia-no-senado-discute-impacto-da-reforma-tributaria-solidaria-no-crescimento-do-pib","status":"publish","type":"post","link":"https:\/\/blogs.correiobraziliense.com.br\/servidor\/audiencia-no-senado-discute-impacto-da-reforma-tributaria-solidaria-no-crescimento-do-pib\/","title":{"rendered":"Audi\u00eancia no Senado discute impacto da reforma tribut\u00e1ria solid\u00e1ria no crescimento do PIB"},"content":{"rendered":"<p><i>Movimento Reforma Tribut\u00e1ria Solid\u00e1ria encabe\u00e7ado pela Anfip e Fenafisco e escrito por mais de 40 especialistas na \u00e1rea defende aumento de impostos sobre as altas rendas e diminui\u00e7\u00e3o na tributa\u00e7\u00e3o sobre o consumo<\/i><\/p>\n<p>O manifesto escrito pelo movimento suprapartid\u00e1rio <em>Reforma Tribut\u00e1ria Solid\u00e1ria, menos Desigualdade, mais Brasil<\/em>, encabe\u00e7ado pela Federa\u00e7\u00e3o Nacional do Fisco Estadual e Distrital (Fenafisco) e Associa\u00e7\u00e3o Nacional dos Auditores Fiscais da Receita Federal (Anfip) e desenvolvido por mais de 40 especialistas na \u00e1rea, come\u00e7a a ser debatido na Comiss\u00e3o de Assuntos Econ\u00f4micos (CAE) do Senado.<\/p>\n<p>Com foco no aumento da tributa\u00e7\u00e3o para as altas rendas e na diminui\u00e7\u00e3o dos impostos sobre o consumo, o documento ser\u00e1 debatido em duas audi\u00eancias p\u00fablicas, uma no dia 12 e outra no dia 21 deste m\u00eas. O ponto principal da primeira discuss\u00e3o ser\u00e1 a viabilidade econ\u00f4mica da Reforma Tribut\u00e1ria Solid\u00e1ria no crescimento do PIB e da segunda o impacto da Reforma Tribut\u00e1ria Solid\u00e1ria na redu\u00e7\u00e3o das desigualdades sociais.<\/p>\n<p>O requerimento para realiza\u00e7\u00e3o da audi\u00eancia p\u00fablica foi de autoria do senador Garibaldi Filho (MDB\/RN). Entre os convidados para o debate est\u00e3o o secret\u00e1rio da Receita Federal, Jorge Rachid e o professor do Instituto de Economia da Universidade Estadual de Campinas (Unicamp), Eduardo Fagnani, que \u00e9 coordenador t\u00e9cnico do projeto.<\/p>\n<p>Tamb\u00e9m constam na rela\u00e7\u00e3o de convidados o coordenador-geral do Cons\u00f3rcio Nacional de Secretarias de Fazenda, Finan\u00e7as, Receita e Tributa\u00e7\u00e3o (Consefaz), Andr\u00e9 Horta Melo, o pesquisador do Ipea e diretor da Institui\u00e7\u00e3o Fiscal Independente (IFI), Rodrigo Orair, al\u00e9m de um representante da Confedera\u00e7\u00e3o Nacional da Ind\u00fastria (CNI).<\/p>\n<p><strong>Servi\u00e7os<\/strong><\/p>\n<p><strong>12 de junho de 2018 (ter\u00e7a-feira),<\/strong> \u00e0s 10 horas: Audi\u00eancia P\u00fablica &#8211; Comiss\u00e3o de Assuntos Econ\u00f4micos-CAE do Senado Federal; &#8216;Reforma Tribut\u00e1ria com foco na proposta da Anfip e Fenafisco: Reforma Tribut\u00e1ria Solid\u00e1ria&#8217;, com enfoque da proposta na economia do Pa\u00eds; Senado Federal &#8211; Anexo II, Ala Senador Alexandre Costa, Plen\u00e1rio 19P.<\/p>\n<p><strong>21 de junho de 2018 (Quinta-feira), <\/strong>\u00e0s 9 horas: Audi\u00eancia P\u00fablica &#8211; Comiss\u00e3o de Direitos Humanos e Legisla\u00e7\u00e3o Participativa-CDH do Senado Federal; &#8216;Reforma Tribut\u00e1ria com foco na proposta da Anfip e Fenafisco: Reforma Tribut\u00e1ria Solid\u00e1ria&#8217;, com enfoque da proposta no combate a redu\u00e7\u00e3o das desigualdades sociais. Senado Federal &#8211; Anexo II, local ser\u00e1 informado posteriormente.<\/p>\n","protected":false},"excerpt":{"rendered":"<p>Movimento Reforma Tribut\u00e1ria Solid\u00e1ria encabe\u00e7ado pela Anfip e Fenafisco e escrito por mais de 40 especialistas na \u00e1rea defende aumento de impostos sobre as altas rendas e diminui\u00e7\u00e3o na tributa\u00e7\u00e3o sobre o consumo O manifesto escrito pelo movimento suprapartid\u00e1rio Reforma Tribut\u00e1ria Solid\u00e1ria, menos Desigualdade, mais Brasil, encabe\u00e7ado pela Federa\u00e7\u00e3o Nacional do Fisco Estadual e Distrital (Fenafisco) e Associa\u00e7\u00e3o Nacional dos [&hellip;]<\/p>\n","protected":false},"author":27,"featured_media":0,"comment_status":"open","ping_status":"closed","sticky":false,"template":"","format":"standard","meta":{"footnotes":""},"categories":[2719],"tags":[12608,771,192,75,2780,8798,2768,2802,11350,847,12607,4486,833,2770,1804,12606,696,12194],"class_list":["post-9372","post","type-post","status-publish","format-standard","hentry","category-servidor","tag-altas-rendas","tag-anfip","tag-audiencia","tag-aumento","tag-cae","tag-cdh","tag-cni","tag-consumo","tag-crescimeto","tag-debate","tag-fenafisco-especialistas","tag-ifi","tag-impacto","tag-impostos","tag-pib","tag-reforma-tribuaria","tag-senado","tag-solidaria"],"_links":{"self":[{"href":"https:\/\/blogs.correiobraziliense.com.br\/servidor\/wp-json\/wp\/v2\/posts\/9372","targetHints":{"allow":["GET"]}}],"collection":[{"href":"https:\/\/blogs.correiobraziliense.com.br\/servidor\/wp-json\/wp\/v2\/posts"}],"about":[{"href":"https:\/\/blogs.correiobraziliense.com.br\/servidor\/wp-json\/wp\/v2\/types\/post"}],"author":[{"embeddable":true,"href":"https:\/\/blogs.correiobraziliense.com.br\/servidor\/wp-json\/wp\/v2\/users\/27"}],"replies":[{"embeddable":true,"href":"https:\/\/blogs.correiobraziliense.com.br\/servidor\/wp-json\/wp\/v2\/comments?post=9372"}],"version-history":[{"count":1,"href":"https:\/\/blogs.correiobraziliense.com.br\/servidor\/wp-json\/wp\/v2\/posts\/9372\/revisions"}],"predecessor-version":[{"id":9373,"href":"https:\/\/blogs.correiobraziliense.com.br\/servidor\/wp-json\/wp\/v2\/posts\/9372\/revisions\/9373"}],"wp:attachment":[{"href":"https:\/\/blogs.correiobraziliense.com.br\/servidor\/wp-json\/wp\/v2\/media?parent=9372"}],"wp:term":[{"taxonomy":"category","embeddable":true,"href":"https:\/\/blogs.correiobraziliense.com.br\/servidor\/wp-json\/wp\/v2\/categories?post=9372"},{"taxonomy":"post_tag","embeddable":true,"href":"https:\/\/blogs.correiobraziliense.com.br\/servidor\/wp-json\/wp\/v2\/tags?post=9372"}],"curies":[{"name":"wp","href":"https:\/\/api.w.org\/{rel}","templated":true}]}}