{"id":9324,"date":"2018-06-06T16:25:43","date_gmt":"2018-06-06T19:25:43","guid":{"rendered":"https:\/\/blogs.correiobraziliense.com.br\/servidor\/?p=9324"},"modified":"2018-06-06T16:25:43","modified_gmt":"2018-06-06T19:25:43","slug":"carmen-lucia-divulga-datas-das-proximas-sessoes-plenarias-do-cnj","status":"publish","type":"post","link":"https:\/\/blogs.correiobraziliense.com.br\/servidor\/carmen-lucia-divulga-datas-das-proximas-sessoes-plenarias-do-cnj\/","title":{"rendered":"C\u00e1rmen L\u00facia divulga datas das pr\u00f3ximas sess\u00f5es plen\u00e1rias do CNJ"},"content":{"rendered":"<div class=\"m_-2181068962539004198acymailing_content\">\n<div class=\"m_-2181068962539004198acydescription\">\n<p>A ministra C\u00e1rmen L\u00facia, presidente do Conselho Nacional de Justi\u00e7a (CNJ) e do Supremo Tribunal Federal (STF) divulgou, por meios de portarias publicadas no Di\u00e1rio de Justi\u00e7a desta ter\u00e7a-feira (5\/6), as datas das pr\u00f3ximas sess\u00f5es plen\u00e1rias do Conselho.<\/p>\n<p>De acordo com a Portaria n.38, de 4 de junho, a sess\u00e3o extraordin\u00e1ria do CNJ ocorrer\u00e1 no dia 26 de junho, ter\u00e7a-feira, \u00e0s nove horas.<br \/>\nConforme determina a Portaria n.37, de 4 de junho, a 34\u00aa Sess\u00e3o Virtual ter\u00e1 in\u00edcio em 12 de junho, \u00e0s 14h, e t\u00e9rmino em 15 de junho, \u00e0s 13h59.<\/p>\n<p>Nas sess\u00f5es virtuais, os conselheiros usam uma plataforma virtual para indicar os seus votos, e a popula\u00e7\u00e3o pode acompanhar o processo pela internet, neste Portal do CNJ. As sess\u00f5es ordin\u00e1rias e extraordin\u00e1rias dos meses de agosto e setembro foram designadas pela Portaria 39, de 4 de junho, conforme tabela a seguir:<\/p>\n<p><img loading=\"lazy\" decoding=\"async\" class=\"CToWUd a6T\" src=\"https:\/\/mail.google.com\/mail\/u\/0\/?ui=2&amp;ik=161b52c0c4&amp;view=fimg&amp;th=163d4c6b62f1ece7&amp;attid=0.1.3&amp;disp=emb&amp;attbid=ANGjdJ_1s2FNBs-YLgR6R00VmcwmCR6o_Wrwud1i1okqF8kEC963YVx_qgKQHjoIXKSbtHOvRh3DaruXd7t2Uezlz1xn_JWK4EggDeMA4HnsrkHTbA2hjmA81MIQfIc&amp;sz=w1474-h798&amp;ats=1528304688073&amp;rm=163d4c6b62f1ece7&amp;zw&amp;atsh=1\" alt=\"files\/conteudo\/imagem\/2018\/06\/a68cb2e2f5cd4961abda5d99c1d5992a.jpg\" width=\"737\" height=\"399\" \/><\/p>\n<p><em>Ag\u00eancia CNJ de Not\u00edcias<\/em><\/p>\n<\/div>\n<\/div>\n<p>&nbsp;<\/p>\n","protected":false},"excerpt":{"rendered":"<p>A ministra C\u00e1rmen L\u00facia, presidente do Conselho Nacional de Justi\u00e7a (CNJ) e do Supremo Tribunal Federal (STF) divulgou, por meios de portarias publicadas no Di\u00e1rio de Justi\u00e7a desta ter\u00e7a-feira (5\/6), as datas das pr\u00f3ximas sess\u00f5es plen\u00e1rias do Conselho. De acordo com a Portaria n.38, de 4 de junho, a sess\u00e3o extraordin\u00e1ria do CNJ ocorrer\u00e1 no dia 26 de junho, ter\u00e7a-feira, [&hellip;]<\/p>\n","protected":false},"author":27,"featured_media":0,"comment_status":"open","ping_status":"closed","sticky":false,"template":"","format":"standard","meta":{"footnotes":""},"categories":[2719],"tags":[4182,254,1826,2882,12565,4810,1157,4956,34,5829],"class_list":["post-9324","post","type-post","status-publish","format-standard","hentry","category-servidor","tag-carmen-lucia","tag-cnj","tag-datas","tag-internet","tag-pelarias","tag-portarias","tag-processo","tag-sessoes","tag-stf","tag-votos"],"_links":{"self":[{"href":"https:\/\/blogs.correiobraziliense.com.br\/servidor\/wp-json\/wp\/v2\/posts\/9324","targetHints":{"allow":["GET"]}}],"collection":[{"href":"https:\/\/blogs.correiobraziliense.com.br\/servidor\/wp-json\/wp\/v2\/posts"}],"about":[{"href":"https:\/\/blogs.correiobraziliense.com.br\/servidor\/wp-json\/wp\/v2\/types\/post"}],"author":[{"embeddable":true,"href":"https:\/\/blogs.correiobraziliense.com.br\/servidor\/wp-json\/wp\/v2\/users\/27"}],"replies":[{"embeddable":true,"href":"https:\/\/blogs.correiobraziliense.com.br\/servidor\/wp-json\/wp\/v2\/comments?post=9324"}],"version-history":[{"count":1,"href":"https:\/\/blogs.correiobraziliense.com.br\/servidor\/wp-json\/wp\/v2\/posts\/9324\/revisions"}],"predecessor-version":[{"id":9325,"href":"https:\/\/blogs.correiobraziliense.com.br\/servidor\/wp-json\/wp\/v2\/posts\/9324\/revisions\/9325"}],"wp:attachment":[{"href":"https:\/\/blogs.correiobraziliense.com.br\/servidor\/wp-json\/wp\/v2\/media?parent=9324"}],"wp:term":[{"taxonomy":"category","embeddable":true,"href":"https:\/\/blogs.correiobraziliense.com.br\/servidor\/wp-json\/wp\/v2\/categories?post=9324"},{"taxonomy":"post_tag","embeddable":true,"href":"https:\/\/blogs.correiobraziliense.com.br\/servidor\/wp-json\/wp\/v2\/tags?post=9324"}],"curies":[{"name":"wp","href":"https:\/\/api.w.org\/{rel}","templated":true}]}}