{"id":9320,"date":"2018-06-05T19:09:33","date_gmt":"2018-06-05T22:09:33","guid":{"rendered":"https:\/\/blogs.correiobraziliense.com.br\/servidor\/?p=9320"},"modified":"2018-06-05T19:09:33","modified_gmt":"2018-06-05T22:09:33","slug":"cnj-plenario-analisa-conduta-de-juiz-que-conduziu-audiencia-armado","status":"publish","type":"post","link":"https:\/\/blogs.correiobraziliense.com.br\/servidor\/cnj-plenario-analisa-conduta-de-juiz-que-conduziu-audiencia-armado\/","title":{"rendered":"CNJ &#8211; Plen\u00e1rio analisa conduta de juiz que conduziu audi\u00eancia armado"},"content":{"rendered":"<p><em>Ao analisar o Recurso Administrativo na Reclama\u00e7\u00e3o Disciplinar 0008000-23.2017.2.00.0000 na sess\u00e3o desta ter\u00e7a-feira (5\/6), o Plen\u00e1rio do Conselho Nacional de Justi\u00e7a (CNJ) deu in\u00edcio a uma discuss\u00e3o a respeito do uso de arma por juiz durante a condu\u00e7\u00e3o de uma audi\u00eancia, com a suposta inten\u00e7\u00e3o de intimidar as partes. O magistrado determinou que os telefones celulares das pessoas que acompanhavam a sess\u00e3o, inclusive dos advogados, fossem recolhidos<\/em><\/p>\n<p>Relator do processo, o ministro corregedor Jo\u00e3o Ot\u00e1vio de Noronha, negou o recurso, de autoria da Ordem dos Advogados do Brasil, seccional Goi\u00e1s, contra o arquivamento de reclama\u00e7\u00e3o disciplinar contra o juiz federal Manoel Pedro Martins de Castro Filho. Segundo os autores da a\u00e7\u00e3o, o magistrado teria conduzido uma audi\u00eancia armado com a suposta inten\u00e7\u00e3o de intimidar as partes. Al\u00e9m disso, na mesma ocasi\u00e3o, o magistrado determinou que os telefones celulares das pessoas que acompanhavam a sess\u00e3o, inclusive dos advogados, fossem recolhidos.<\/p>\n<p>Segundo o relator, diante da viol\u00eancia e dos perigos a que est\u00e3o sujeitos os ju\u00edzes brasileiros, em especial no interior do Pa\u00eds, o local em que os magistrados mais precisam de uma arma \u00e9 justamente a sala de audi\u00eancia. \u201cPara caracteriza\u00e7\u00e3o de desvio \u00e9tico do magistrado n\u00e3o \u00e9 suficiente um mero porte de arma, com um sentimento vago de intimida\u00e7\u00e3o alegado pela parte autora\u201d, afirmou o ministro Jo\u00e3o Ot\u00e1vio de Noronha.<\/p>\n<p>Ao acompanhar o relator, o conselheiro Aloysio Corr\u00eaa refor\u00e7ou os argumentos apresentados pelo corregedor. \u201cN\u00e3o h\u00e1 restri\u00e7\u00e3o legal de arma em audi\u00eancia, momento em que se encontra vulner\u00e1vel. Se eu tenho porte e n\u00e3o posso us\u00e1-lo de que adianta?\u201d, questionou. O conselheiro M\u00e1rcio Schiefler, que \u00e9 juiz no Tribunal de Justi\u00e7a de Santa Catarina, falou que j\u00e1 precisou realizar audi\u00eancia armado. \u201cEsse tema \u00e9 cardeal para a magistratura. Praticamente em qualquer f\u00f3rum do pa\u00eds as pessoas podem entrar no local e dar de cara com o juiz\u201d, ponderou Schiefler.<\/p>\n<p>J\u00e1 o conselheiro Luciano Frota divergiu do entendimento apresentado pelo corregedor. \u201cA audi\u00eancia n\u00e3o \u00e9 momento nem ambiente de faroeste em que o juiz tenha que portar arma para se defender. Pode haver intimida\u00e7\u00e3o (\u00e0s partes). O porte \u00e9 para defesa pessoal, n\u00e3o para usar em sala de audi\u00eancia. Ao contr\u00e1rio, este \u00e9 um momento de harmonia\u201d, disse Frota. No mesmo sentido, o conselheiro Andr\u00e9 Godinho manifestou preocupa\u00e7\u00e3o com a possibilidade de os magistrados conduzirem audi\u00eancias nessas condi\u00e7\u00f5es. Godinho e Frota pediram vista do processo.<\/p>\n<h4><strong>Prerrogativa <\/strong><\/h4>\n<p>O porte de arma para defesa pessoal \u00e9 prerrogativa dos magistrados prevista no art. 33, V, da <a href=\"http:\/\/www.planalto.gov.br\/ccivil_03\/Leis\/LCP\/Lcp35.htm\" target=\"_blank\" rel=\"alternate noopener\">Lei Org\u00e2nica da Magistratura Nacional (Loman)<\/a> e seu exerc\u00edcio segue as diretrizes estabelecidas pelo <a href=\"http:\/\/www.planalto.gov.br\/ccivil_03\/Leis\/2003\/l10.826.htm\" target=\"_blank\" rel=\"alternate noopener\">Estatuto do Desarmamento (Lei 10.826\/2003)<\/a>.<\/p>\n","protected":false},"excerpt":{"rendered":"<p>Ao analisar o Recurso Administrativo na Reclama\u00e7\u00e3o Disciplinar 0008000-23.2017.2.00.0000 na sess\u00e3o desta ter\u00e7a-feira (5\/6), o Plen\u00e1rio do Conselho Nacional de Justi\u00e7a (CNJ) deu in\u00edcio a uma discuss\u00e3o a respeito do uso de arma por juiz durante a condu\u00e7\u00e3o de uma audi\u00eancia, com a suposta inten\u00e7\u00e3o de intimidar as partes. O magistrado determinou que os telefones celulares das pessoas que acompanhavam [&hellip;]<\/p>\n","protected":false},"author":27,"featured_media":0,"comment_status":"open","ping_status":"closed","sticky":false,"template":"","format":"standard","meta":{"footnotes":""},"categories":[2719],"tags":[7152,12564,192,3312,254,3568,501,6582,3566,429,378,198,8584,11158,2776,9426,2689,4427,3833],"class_list":["post-9320","post","type-post","status-publish","format-standard","hentry","category-servidor","tag-arma","tag-armado","tag-audiencia","tag-celulares","tag-cnj","tag-conduta","tag-forum","tag-interior","tag-intimidar","tag-juiz","tag-oab","tag-pais","tag-partes","tag-perigos","tag-plenario","tag-recolhidos","tag-telefones","tag-violencia","tag-vulneravel"],"_links":{"self":[{"href":"https:\/\/blogs.correiobraziliense.com.br\/servidor\/wp-json\/wp\/v2\/posts\/9320","targetHints":{"allow":["GET"]}}],"collection":[{"href":"https:\/\/blogs.correiobraziliense.com.br\/servidor\/wp-json\/wp\/v2\/posts"}],"about":[{"href":"https:\/\/blogs.correiobraziliense.com.br\/servidor\/wp-json\/wp\/v2\/types\/post"}],"author":[{"embeddable":true,"href":"https:\/\/blogs.correiobraziliense.com.br\/servidor\/wp-json\/wp\/v2\/users\/27"}],"replies":[{"embeddable":true,"href":"https:\/\/blogs.correiobraziliense.com.br\/servidor\/wp-json\/wp\/v2\/comments?post=9320"}],"version-history":[{"count":1,"href":"https:\/\/blogs.correiobraziliense.com.br\/servidor\/wp-json\/wp\/v2\/posts\/9320\/revisions"}],"predecessor-version":[{"id":9321,"href":"https:\/\/blogs.correiobraziliense.com.br\/servidor\/wp-json\/wp\/v2\/posts\/9320\/revisions\/9321"}],"wp:attachment":[{"href":"https:\/\/blogs.correiobraziliense.com.br\/servidor\/wp-json\/wp\/v2\/media?parent=9320"}],"wp:term":[{"taxonomy":"category","embeddable":true,"href":"https:\/\/blogs.correiobraziliense.com.br\/servidor\/wp-json\/wp\/v2\/categories?post=9320"},{"taxonomy":"post_tag","embeddable":true,"href":"https:\/\/blogs.correiobraziliense.com.br\/servidor\/wp-json\/wp\/v2\/tags?post=9320"}],"curies":[{"name":"wp","href":"https:\/\/api.w.org\/{rel}","templated":true}]}}