{"id":9318,"date":"2018-06-05T19:03:38","date_gmt":"2018-06-05T22:03:38","guid":{"rendered":"https:\/\/blogs.correiobraziliense.com.br\/servidor\/?p=9318"},"modified":"2018-06-05T19:03:38","modified_gmt":"2018-06-05T22:03:38","slug":"bndes-muda-regra-e-pessoas-fisicas-podem-investir-em-energia-solar","status":"publish","type":"post","link":"https:\/\/blogs.correiobraziliense.com.br\/servidor\/bndes-muda-regra-e-pessoas-fisicas-podem-investir-em-energia-solar\/","title":{"rendered":"BNDES muda regra e pessoas f\u00edsicas podem investir em energia solar"},"content":{"rendered":"<p><em>Fundo Clima permite financiar 80% dos itens apoi\u00e1veis ao custo final de 4,03% ao ano para pessoas f\u00edsicas e jur\u00eddicas com renda at\u00e9 R$ 90 milh\u00f5es\u00a0.\u00a0Trata-se de mais uma a\u00e7\u00e3o do BNDES para incentivar o cidad\u00e3o brasileiro a investir em sustentabilidade e economia de energia<\/em><\/p>\n<p>O Banco Nacional de Desenvolvimento Econ\u00f4mico e Social (BNDES) aprovou mudan\u00e7as no Programa Fundo Clima. A partir de agora, no subprograma M\u00e1quinas e Equipamentos Eficientes, pessoas f\u00edsicas <span id=\"OBJ_PREFIX_DWT2467_com_zimbra_date\"><span id=\"OBJ_PREFIX_DWT2471_com_zimbra_date\">ter<\/span><\/span>\u00e3o acesso a financiamentos para a instala\u00e7\u00e3o de sistemas de aquecimento solar e sistemas de cogera\u00e7\u00e3o (placas fotovoltaicas, aerogeradores, geradores a biog\u00e1s e equipamentos necess\u00e1rios). &#8220;Trata-se de mais uma a\u00e7\u00e3o do BNDES para incentivar o cidad\u00e3o brasileiro a investir em sustentabilidade e economia de energia. Os recursos poder\u00e3o ser contratados em opera\u00e7\u00f5es indiretas somente por meio de bancos p\u00fablicos&#8221;, informou o BNDES.<\/p>\n<p><strong>Economia<\/strong><\/p>\n<p>A implanta\u00e7\u00e3o de sistemas de gera\u00e7\u00e3o de energia solar permitir\u00e1 aos consumidores reduzirem gastos com a conta de luz, j\u00e1 que passar\u00e3o a comprar menos energia da concession\u00e1ria e poder\u00e3o, dependendo de sua regi\u00e3o, fazer at\u00e9 uma conta corrente de energia vendendo o excedente para a distribuidora. Al\u00e9m disso, a gera\u00e7\u00e3o distribu\u00edda traz um benef\u00edcio para o sistema el\u00e9trico, j\u00e1 que conta com v\u00e1rios pontos de gera\u00e7\u00e3o espalhados por resid\u00eancias e com\u00e9rcio, reduzindo o risco de interrup\u00e7\u00e3o do fornecimento de energia<\/p>\n<p><strong>Condi\u00e7\u00f5es<\/strong><\/p>\n<p>Os limites do Fundo Clima alcan\u00e7am 80% dos itens financi\u00e1veis, podendo chegar a R$ 30 milh\u00f5es a cada 12 meses por benefici\u00e1rio. Tanto para pessoas f\u00edsicas quanto para pessoas jur\u00eddicas (empresas, prefeituras, governos estaduais e produtores rurais), o custo financeiro do Fundo Clima \u00e9 reduzido: para renda anual at\u00e9 R$ 90 milh\u00f5es, o custo \u00e9 de 0,1% ao ano, e a remunera\u00e7\u00e3o do BNDES \u00e9 de 0,9% ao ano. Para renda anual acima de R$ 90 milh\u00f5es, o custo \u00e9 de 0,1% ao ano, e a remunera\u00e7\u00e3o do BNDES \u00e9 de 1,4% ao ano.<\/p>\n<p>A remunera\u00e7\u00e3o dos agentes financeiros \u00e9 limitada at\u00e9 3% ao ano. Uma vez aplicada a remunera\u00e7\u00e3o m\u00e1xima definida pelos bancos p\u00fablicos, as taxas finais passam a ser as seguintes: para renda anual at\u00e9 R$ 90 milh\u00f5es, o custo final \u00e9 de 4,03% ao ano; para renda anual acima de R$ 90 milh\u00f5es, o custo final \u00e9 de 4,55% ao ano. O programa permite car\u00eancia de 3 a 24 meses, com prazo m\u00e1ximo de 144 meses. A vig\u00eancia para ades\u00e3o vai at\u00e9 <span id=\"OBJ_PREFIX_DWT2468_com_zimbra_date\"><span id=\"OBJ_PREFIX_DWT2472_com_zimbra_date\">28 de dezembro<\/span><\/span> de 2018.<\/p>\n<p><strong>Fundo<\/strong><\/p>\n<p>O Fundo Clima \u00e9 destinado a projetos de Mobilidade Urbana, Cidades Sustent\u00e1veis, Res\u00edduos S\u00f3lidos, Energias Renov\u00e1veis, M\u00e1quinas e Equipamentos Eficientes e outras iniciativas inovadoras. O objetivo \u00e9 financiar produ\u00e7\u00f5es e aquisi\u00e7\u00f5es com altos \u00edndices de efici\u00eancia energ\u00e9tica ou que contribuam para redu\u00e7\u00e3o de emiss\u00e3o de gases de efeito estufa.<\/p>\n<p><strong>Itens financi\u00e1veis<\/strong><\/p>\n<p>Podem ser financiados os seguintes itens, desde que novos e nacionais, cadastrados e habilitados para o subprograma no Credenciamento de Fornecedores Informatizados &#8211; CFI do BNDES: m\u00e1quinas e equipamentos cadastrados no Programa Brasileiro de Etiquetagem (PBE) ou com o selo Procel (considerando os itens para os quais o PBE fornece a certifica\u00e7\u00e3o de efici\u00eancia energ\u00e9tica, ser\u00e3o aceitos apenas os de classifica\u00e7\u00e3o A ou B); sistemas geradores fotovoltaicos, aerogeradores at\u00e9 100kw, motores movidos a biog\u00e1s, inversores ou conversores de frequ\u00eancia e coletores\/aquecedores solares; \u00f4nibus e caminh\u00f5es el\u00e9tricos, h\u00edbridos e outros modelos com tra\u00e7\u00e3o el\u00e9trica; e \u00f4nibus movidos a etanol.<\/p>\n","protected":false},"excerpt":{"rendered":"<p>Fundo Clima permite financiar 80% dos itens apoi\u00e1veis ao custo final de 4,03% ao ano para pessoas f\u00edsicas e jur\u00eddicas com renda at\u00e9 R$ 90 milh\u00f5es\u00a0.\u00a0Trata-se de mais uma a\u00e7\u00e3o do BNDES para incentivar o cidad\u00e3o brasileiro a investir em sustentabilidade e economia de energia O Banco Nacional de Desenvolvimento Econ\u00f4mico e Social (BNDES) aprovou mudan\u00e7as no Programa Fundo Clima. [&hellip;]<\/p>\n","protected":false},"author":27,"featured_media":0,"comment_status":"open","ping_status":"closed","sticky":false,"template":"","format":"standard","meta":{"footnotes":""},"categories":[2719],"tags":[4403,3782,2739,1316,12562,88,4122,1792,12560,5092,12561,12563,5323,3884,4655,686,10100,10461,316,361,358,3231],"class_list":["post-9318","post","type-post","status-publish","format-standard","hentry","category-servidor","tag-aquecimento","tag-beneficiario","tag-bndes","tag-cidadao","tag-cogeracao","tag-economia","tag-eficientes","tag-energia","tag-energia-solar","tag-equipamentos","tag-fundo-clima","tag-indiretas","tag-instalacao","tag-investir","tag-maquinas","tag-operacoes","tag-pessoas-fisicas","tag-pessoas-juridicas","tag-recursos","tag-regra","tag-renda","tag-sustentabilidade"],"_links":{"self":[{"href":"https:\/\/blogs.correiobraziliense.com.br\/servidor\/wp-json\/wp\/v2\/posts\/9318","targetHints":{"allow":["GET"]}}],"collection":[{"href":"https:\/\/blogs.correiobraziliense.com.br\/servidor\/wp-json\/wp\/v2\/posts"}],"about":[{"href":"https:\/\/blogs.correiobraziliense.com.br\/servidor\/wp-json\/wp\/v2\/types\/post"}],"author":[{"embeddable":true,"href":"https:\/\/blogs.correiobraziliense.com.br\/servidor\/wp-json\/wp\/v2\/users\/27"}],"replies":[{"embeddable":true,"href":"https:\/\/blogs.correiobraziliense.com.br\/servidor\/wp-json\/wp\/v2\/comments?post=9318"}],"version-history":[{"count":1,"href":"https:\/\/blogs.correiobraziliense.com.br\/servidor\/wp-json\/wp\/v2\/posts\/9318\/revisions"}],"predecessor-version":[{"id":9319,"href":"https:\/\/blogs.correiobraziliense.com.br\/servidor\/wp-json\/wp\/v2\/posts\/9318\/revisions\/9319"}],"wp:attachment":[{"href":"https:\/\/blogs.correiobraziliense.com.br\/servidor\/wp-json\/wp\/v2\/media?parent=9318"}],"wp:term":[{"taxonomy":"category","embeddable":true,"href":"https:\/\/blogs.correiobraziliense.com.br\/servidor\/wp-json\/wp\/v2\/categories?post=9318"},{"taxonomy":"post_tag","embeddable":true,"href":"https:\/\/blogs.correiobraziliense.com.br\/servidor\/wp-json\/wp\/v2\/tags?post=9318"}],"curies":[{"name":"wp","href":"https:\/\/api.w.org\/{rel}","templated":true}]}}