{"id":9316,"date":"2018-06-05T18:37:55","date_gmt":"2018-06-05T21:37:55","guid":{"rendered":"https:\/\/blogs.correiobraziliense.com.br\/servidor\/?p=9316"},"modified":"2018-06-05T18:37:55","modified_gmt":"2018-06-05T21:37:55","slug":"servidores-do-ipea-repudiam-o-desmembramento-do-instituto","status":"publish","type":"post","link":"https:\/\/blogs.correiobraziliense.com.br\/servidor\/servidores-do-ipea-repudiam-o-desmembramento-do-instituto\/","title":{"rendered":"Servidores do Ipea repudiam o desmembramento do Instituto"},"content":{"rendered":"<p><em>Hoje, apesar de um quadro reduzido de funcion\u00e1rios, resultado da aus\u00eancia de concurso nos \u00faltimos 10 anos, o Ipea desenvolve pesquisas em todas as \u00e1reas setoriais de governo para subsidiar a formula\u00e7\u00e3o e avalia\u00e7\u00e3o de pol\u00edticas p\u00fablicas<\/em><\/p>\n<p>Em assembleia nesta ter\u00e7a-feira (5 de junho), em Bras\u00edlia e no Rio de Janeiro, os servidores\u00a0repudiaram a tentativa do governo federal de criar um novo instituto para pesquisas na \u00e1rea de seguran\u00e7a p\u00fablica, por meio do desmembramento do Ipea.<\/p>\n<p>A proposta inclu\u00edda no texto da MP 821\/2018 constitui uma amea\u00e7a ao Ipea, na medida que representa de fato um \u201cesquartejamento\u201d da institui\u00e7\u00e3o, ao permitir a retirada de recursos humanos, financeiros e patrimoniais.<\/p>\n<div>Hoje, apesar de um quadro reduzido de funcion\u00e1rios, resultado da aus\u00eancia de concurso nos \u00faltimos 10 anos, o Ipea desenvolve pesquisas em todas as \u00e1reas setoriais de governo para subsidiar a formula\u00e7\u00e3o e avalia\u00e7\u00e3o de pol\u00edticas p\u00fablicas. Como argumenta Roberto Gonzalez, presidente interino da Afipea, \u201cs\u00e3o poucas pessoas para fazer um trabalho enorme e de grande valor para o governo e a sociedade\u201d.Ainda mais grave \u00e9 essa proposta ter sido apresentada no Congresso sem conhecimento ou discuss\u00e3o sequer com a dire\u00e7\u00e3o do Ipea, quanto mais com o seu quadro de servidores. Tal situa\u00e7\u00e3o gera uma grande incerteza sobre o futuro de um institui\u00e7\u00e3o que h\u00e1 mais de 50 anos oferece relevantes servi\u00e7os ao poder p\u00fablico e \u00e0 sociedade. A t\u00edtulo de exemplo, entre outros estudos na \u00e1rea de seguran\u00e7a p\u00fablica, o Ipea j\u00e1 contribui para o Atlas da Viol\u00eancia, lan\u00e7ado hoje (05\/06\/2018) em parceria com o F\u00f3rum Nacional de Seguran\u00e7a P\u00fablica.<\/p>\n<\/div>\n<div class=\"gmail_quote\">&#8220;A\u00a0Afipea\u00a0atuar\u00e1 em todos os espa\u00e7os pertinentes para evitar a fragiliza\u00e7\u00e3o do Ipea. Em particular, conforme deliberado na\u00a0assembleia,\u00a0a associa\u00e7\u00e3o\u00a0buscar\u00e1 a supress\u00e3o do dispositivo inclu\u00eddo na Medida Provis\u00f3ria (MP) 821\/2018&#8221;, assinala a entidade.<\/div>\n","protected":false},"excerpt":{"rendered":"<p>Hoje, apesar de um quadro reduzido de funcion\u00e1rios, resultado da aus\u00eancia de concurso nos \u00faltimos 10 anos, o Ipea desenvolve pesquisas em todas as \u00e1reas setoriais de governo para subsidiar a formula\u00e7\u00e3o e avalia\u00e7\u00e3o de pol\u00edticas p\u00fablicas Em assembleia nesta ter\u00e7a-feira (5 de junho), em Bras\u00edlia e no Rio de Janeiro, os servidores\u00a0repudiaram a tentativa do governo federal de criar [&hellip;]<\/p>\n","protected":false},"author":27,"featured_media":0,"comment_status":"open","ping_status":"closed","sticky":false,"template":"","format":"standard","meta":{"footnotes":""},"categories":[2719],"tags":[4775,93,12558,11788,2027,12559,4661,706,1633,1816,9804,5761,58],"class_list":["post-9316","post","type-post","status-publish","format-standard","hentry","category-servidor","tag-areas","tag-concurso","tag-desmembramento","tag-instituto","tag-ipea","tag-mp-8212018","tag-pesquisas","tag-politicas","tag-publicas","tag-quadro","tag-reduzido","tag-seguranca-publica","tag-servidores"],"_links":{"self":[{"href":"https:\/\/blogs.correiobraziliense.com.br\/servidor\/wp-json\/wp\/v2\/posts\/9316","targetHints":{"allow":["GET"]}}],"collection":[{"href":"https:\/\/blogs.correiobraziliense.com.br\/servidor\/wp-json\/wp\/v2\/posts"}],"about":[{"href":"https:\/\/blogs.correiobraziliense.com.br\/servidor\/wp-json\/wp\/v2\/types\/post"}],"author":[{"embeddable":true,"href":"https:\/\/blogs.correiobraziliense.com.br\/servidor\/wp-json\/wp\/v2\/users\/27"}],"replies":[{"embeddable":true,"href":"https:\/\/blogs.correiobraziliense.com.br\/servidor\/wp-json\/wp\/v2\/comments?post=9316"}],"version-history":[{"count":1,"href":"https:\/\/blogs.correiobraziliense.com.br\/servidor\/wp-json\/wp\/v2\/posts\/9316\/revisions"}],"predecessor-version":[{"id":9317,"href":"https:\/\/blogs.correiobraziliense.com.br\/servidor\/wp-json\/wp\/v2\/posts\/9316\/revisions\/9317"}],"wp:attachment":[{"href":"https:\/\/blogs.correiobraziliense.com.br\/servidor\/wp-json\/wp\/v2\/media?parent=9316"}],"wp:term":[{"taxonomy":"category","embeddable":true,"href":"https:\/\/blogs.correiobraziliense.com.br\/servidor\/wp-json\/wp\/v2\/categories?post=9316"},{"taxonomy":"post_tag","embeddable":true,"href":"https:\/\/blogs.correiobraziliense.com.br\/servidor\/wp-json\/wp\/v2\/tags?post=9316"}],"curies":[{"name":"wp","href":"https:\/\/api.w.org\/{rel}","templated":true}]}}