{"id":9311,"date":"2018-06-05T17:22:31","date_gmt":"2018-06-05T20:22:31","guid":{"rendered":"https:\/\/blogs.correiobraziliense.com.br\/servidor\/?p=9311"},"modified":"2018-06-05T17:22:31","modified_gmt":"2018-06-05T20:22:31","slug":"quais-os-impactos-da-greve-dos-caminhoneiros","status":"publish","type":"post","link":"https:\/\/blogs.correiobraziliense.com.br\/servidor\/quais-os-impactos-da-greve-dos-caminhoneiros\/","title":{"rendered":"Quais os impactos da greve dos caminhoneiros?"},"content":{"rendered":"<p>O Ipea acaba de divulgar Nota T\u00e9cnica sobre como essa paralisa\u00e7\u00e3o afetou o setor agropecu\u00e1rio no Brasil. S\u00e3o dados iniciais, que abordam algumas culturas e cria\u00e7\u00f5es que se mostraram mais sens\u00edveis \u00e0 greve.<\/p>\n<p>Tais como:<br \/>\n?carne<br \/>\n?hortali\u00e7as e ?frutas<br \/>\n?aves e ?su\u00ednos<br \/>\n?setor l\u00e1cteo.<\/p>\n<p>?\u200d??\u200d?Confira no blog da Carta de Conjuntura: www.ipea.gov.br\/cartadeconjuntura<\/p>\n","protected":false},"excerpt":{"rendered":"<p>O Ipea acaba de divulgar Nota T\u00e9cnica sobre como essa paralisa\u00e7\u00e3o afetou o setor agropecu\u00e1rio no Brasil. S\u00e3o dados iniciais, que abordam algumas culturas e cria\u00e7\u00f5es que se mostraram mais sens\u00edveis \u00e0 greve. Tais como: ?carne ?hortali\u00e7as e ?frutas ?aves e ?su\u00ednos ?setor l\u00e1cteo. ?\u200d??\u200d?Confira no blog da Carta de Conjuntura: www.ipea.gov.br\/cartadeconjuntura<\/p>\n","protected":false},"author":27,"featured_media":0,"comment_status":"open","ping_status":"closed","sticky":false,"template":"","format":"standard","meta":{"footnotes":""},"categories":[2719],"tags":[5433,6331,15,4523,2027,37,570,369],"class_list":["post-9311","post","type-post","status-publish","format-standard","hentry","category-servidor","tag-agropecuario","tag-caminhoneiros","tag-greve","tag-impactos","tag-ipea","tag-nota","tag-setor","tag-tecnica"],"_links":{"self":[{"href":"https:\/\/blogs.correiobraziliense.com.br\/servidor\/wp-json\/wp\/v2\/posts\/9311","targetHints":{"allow":["GET"]}}],"collection":[{"href":"https:\/\/blogs.correiobraziliense.com.br\/servidor\/wp-json\/wp\/v2\/posts"}],"about":[{"href":"https:\/\/blogs.correiobraziliense.com.br\/servidor\/wp-json\/wp\/v2\/types\/post"}],"author":[{"embeddable":true,"href":"https:\/\/blogs.correiobraziliense.com.br\/servidor\/wp-json\/wp\/v2\/users\/27"}],"replies":[{"embeddable":true,"href":"https:\/\/blogs.correiobraziliense.com.br\/servidor\/wp-json\/wp\/v2\/comments?post=9311"}],"version-history":[{"count":1,"href":"https:\/\/blogs.correiobraziliense.com.br\/servidor\/wp-json\/wp\/v2\/posts\/9311\/revisions"}],"predecessor-version":[{"id":9312,"href":"https:\/\/blogs.correiobraziliense.com.br\/servidor\/wp-json\/wp\/v2\/posts\/9311\/revisions\/9312"}],"wp:attachment":[{"href":"https:\/\/blogs.correiobraziliense.com.br\/servidor\/wp-json\/wp\/v2\/media?parent=9311"}],"wp:term":[{"taxonomy":"category","embeddable":true,"href":"https:\/\/blogs.correiobraziliense.com.br\/servidor\/wp-json\/wp\/v2\/categories?post=9311"},{"taxonomy":"post_tag","embeddable":true,"href":"https:\/\/blogs.correiobraziliense.com.br\/servidor\/wp-json\/wp\/v2\/tags?post=9311"}],"curies":[{"name":"wp","href":"https:\/\/api.w.org\/{rel}","templated":true}]}}