{"id":9307,"date":"2018-06-04T20:01:41","date_gmt":"2018-06-04T23:01:41","guid":{"rendered":"https:\/\/blogs.correiobraziliense.com.br\/servidor\/?p=9307"},"modified":"2018-06-04T20:01:41","modified_gmt":"2018-06-04T23:01:41","slug":"servidores-horario-especial-durante-jogos-do-brasil-na-copa-do-mundo-fifa-2018","status":"publish","type":"post","link":"https:\/\/blogs.correiobraziliense.com.br\/servidor\/servidores-horario-especial-durante-jogos-do-brasil-na-copa-do-mundo-fifa-2018\/","title":{"rendered":"Servidores &#8211; hor\u00e1rio especial durante jogos do Brasil na Copa do Mundo Fifa 2018"},"content":{"rendered":"<p><em>Minist\u00e9rio do Planejamento divulgou a agenda. Horas n\u00e3o trabalhadas dever\u00e3o ser compensadas<\/em><\/p>\n<p>O expediente dos servidores p\u00fablicos federais ter\u00e1 hor\u00e1rio excepcional durante os jogos da Sele\u00e7\u00e3o Brasileira de Futebol na Copa do Mundo Fifa 2018. A medida foi estabelecida pelo Minist\u00e9rio do Planejamento, Desenvolvimento e Gest\u00e3o (MP). Segundo a Portaria\u00a0143, publicada no Di\u00e1rio Oficial nesta segunda-feira, dia 4 de junho,\u00a0servi\u00e7os considerados essenciais n\u00e3o ser\u00e3o interrompidos.<\/p>\n<p>Nos dias em que os jogos forem pela manh\u00e3, os servidores come\u00e7ar\u00e3o a trabalhar a partir das 14h. J\u00e1 quando as partidas da sele\u00e7\u00e3o ocorrerem \u00e0 tarde, o per\u00edodo de trabalho ser\u00e1 encerrado \u00e0s 13h. Os dirigentes da Administra\u00e7\u00e3o P\u00fablica Federal devem garantir que os servi\u00e7os considerados essenciais n\u00e3o sejam interrompidos.<\/p>\n<p>Ainda segundo a portaria, os servidores ter\u00e3o de compensar as horas n\u00e3o trabalhadas. O prazo para compensa\u00e7\u00e3o ser\u00e1 at\u00e9 o dia 31 de outubro deste ano.\u200b<\/p>\n","protected":false},"excerpt":{"rendered":"<p>Minist\u00e9rio do Planejamento divulgou a agenda. Horas n\u00e3o trabalhadas dever\u00e3o ser compensadas O expediente dos servidores p\u00fablicos federais ter\u00e1 hor\u00e1rio excepcional durante os jogos da Sele\u00e7\u00e3o Brasileira de Futebol na Copa do Mundo Fifa 2018. A medida foi estabelecida pelo Minist\u00e9rio do Planejamento, Desenvolvimento e Gest\u00e3o (MP). Segundo a Portaria\u00a0143, publicada no Di\u00e1rio Oficial nesta segunda-feira, dia 4 de junho,\u00a0servi\u00e7os [&hellip;]<\/p>\n","protected":false},"author":27,"featured_media":0,"comment_status":"open","ping_status":"closed","sticky":false,"template":"","format":"standard","meta":{"footnotes":""},"categories":[2719],"tags":[164,12556,4699,1769,1202,3184,883,2674,141,58],"class_list":["post-9307","post","type-post","status-publish","format-standard","hentry","category-servidor","tag-brasil","tag-compensadas","tag-copa-do-mundo","tag-dou","tag-especial","tag-horario","tag-horas","tag-jogos","tag-ministerio-do-planejamento","tag-servidores"],"_links":{"self":[{"href":"https:\/\/blogs.correiobraziliense.com.br\/servidor\/wp-json\/wp\/v2\/posts\/9307","targetHints":{"allow":["GET"]}}],"collection":[{"href":"https:\/\/blogs.correiobraziliense.com.br\/servidor\/wp-json\/wp\/v2\/posts"}],"about":[{"href":"https:\/\/blogs.correiobraziliense.com.br\/servidor\/wp-json\/wp\/v2\/types\/post"}],"author":[{"embeddable":true,"href":"https:\/\/blogs.correiobraziliense.com.br\/servidor\/wp-json\/wp\/v2\/users\/27"}],"replies":[{"embeddable":true,"href":"https:\/\/blogs.correiobraziliense.com.br\/servidor\/wp-json\/wp\/v2\/comments?post=9307"}],"version-history":[{"count":1,"href":"https:\/\/blogs.correiobraziliense.com.br\/servidor\/wp-json\/wp\/v2\/posts\/9307\/revisions"}],"predecessor-version":[{"id":9308,"href":"https:\/\/blogs.correiobraziliense.com.br\/servidor\/wp-json\/wp\/v2\/posts\/9307\/revisions\/9308"}],"wp:attachment":[{"href":"https:\/\/blogs.correiobraziliense.com.br\/servidor\/wp-json\/wp\/v2\/media?parent=9307"}],"wp:term":[{"taxonomy":"category","embeddable":true,"href":"https:\/\/blogs.correiobraziliense.com.br\/servidor\/wp-json\/wp\/v2\/categories?post=9307"},{"taxonomy":"post_tag","embeddable":true,"href":"https:\/\/blogs.correiobraziliense.com.br\/servidor\/wp-json\/wp\/v2\/tags?post=9307"}],"curies":[{"name":"wp","href":"https:\/\/api.w.org\/{rel}","templated":true}]}}