{"id":9301,"date":"2018-06-04T19:31:02","date_gmt":"2018-06-04T22:31:02","guid":{"rendered":"https:\/\/blogs.correiobraziliense.com.br\/servidor\/?p=9301"},"modified":"2018-06-04T19:31:02","modified_gmt":"2018-06-04T22:31:02","slug":"sindafsp-recebe-auditores-fiscais-do-brasil-inteiro-para-o-forum-fisco-municipal","status":"publish","type":"post","link":"https:\/\/blogs.correiobraziliense.com.br\/servidor\/sindafsp-recebe-auditores-fiscais-do-brasil-inteiro-para-o-forum-fisco-municipal\/","title":{"rendered":"Sindaf\/SP recebe auditores-fiscais do Brasil inteiro para o F\u00f3rum Fisco Municipal"},"content":{"rendered":"<p><i>O encontro pretende debater a reforma tribut\u00e1ria e discutir um sistema tribut\u00e1rio justo e adequado \u00e0 sociedade<\/i><\/p>\n<p>Nos dias 07 e 08 de junho, o Sindicato dos Auditores-Fiscais Tribut\u00e1rios do Munic\u00edpio de S\u00e3o Paulo (Sindaf-SP) receber\u00e1 entidades representativas de diversos munic\u00edpios do Brasil, entre eles o de Curitiba, Florian\u00f3polis e Recife, em sua sede, para debaterem temas de interesse da categoria diante da reforma tribut\u00e1ria em pauta no Congresso.<\/p>\n<p>Preocupadas com propostas que pretendem reduzir a autonomia financeira dos munic\u00edpios e sua capacidade de fiscaliza\u00e7\u00e3o de impostos sobre o consumo, as entidades criaram o f\u00f3rum a fim de discutir um modelo de federalismo e sistema tribut\u00e1rio justo e adequado \u00e0s necessidades dos munic\u00edpios.<\/p>\n<p>Durante os dias do encontro, haver\u00e1 uma reuni\u00e3o ordin\u00e1ria preliminar com os atuais membros do F\u00f3rum do Fisco Municipal, recep\u00e7\u00e3o dos auditores-fiscais representantes dos novos munic\u00edpios que o integrar\u00e3o, debates, palestras e proposi\u00e7\u00f5es de a\u00e7\u00f5es em defesa da autonomia municipal e da categoria.<\/p>\n<p>Alvaro Maimoni, s\u00f3cio da Hold Assessoria Legislativa, ir\u00e1 propor um debate sobre os mecanismos de acompanhamento dos projetos que tramitam no legislativo e estrat\u00e9gias para apresenta\u00e7\u00e3o de emendas com pontos de interesse comum entre a sociedade e o Fisco. Al\u00e9m dele, o advogado especializado em direito p\u00fablico, Cl\u00e1udio Farag, falar\u00e1 sobre os aspectos jur\u00eddicos no interesse das carreiras como defesa de prerrogativas, constitucionalidade de determinados atos, entre outros temas.<\/p>\n<p>\u201cNo atual momento em que o pacto federativo e a Reforma Tribut\u00e1ria est\u00e3o postos na agenda, esse encontro \u00e9 muito importante para que o Fisco municipal coloque o tema em debate e possa fazer suas contribui\u00e7\u00f5es de forma t\u00e9cnica e propositiva\u201d, avalia o presidente do Sindaf-SP, H\u00e9lio Campos Freire.<\/p>\n<p>Na opini\u00e3o de C\u00e1ssio Vieira, diretor jur\u00eddico do Sindaf\/SP, \u201co movimento busca abrir o di\u00e1logo entre os diversos atores diretamente envolvidos, visando afastar amea\u00e7as inerentes a um projeto de reforma tribut\u00e1ria que possam afetar os interesses dos munic\u00edpios, nos quais, efetivamente, s\u00e3o prestados os servi\u00e7os que interessam \u00e0 popula\u00e7\u00e3o\u201d.<\/p>\n<p>Um primeiro encontro foi realizado em Curitiba, em 26 de abril, onde as entidades ali presentes aprovaram a cria\u00e7\u00e3o deste f\u00f3rum que pretende ter atua\u00e7\u00e3o permanente, com interlocu\u00e7\u00e3o junto aos atores envolvidos na reforma tribut\u00e1ria e em temas relativos \u00e0 responsabilidade fiscal, participando e definindo propostas alinhadas com a valoriza\u00e7\u00e3o e interesses das administra\u00e7\u00f5es tribut\u00e1rias e das finan\u00e7as municipais.<\/p>\n","protected":false},"excerpt":{"rendered":"<p>O encontro pretende debater a reforma tribut\u00e1ria e discutir um sistema tribut\u00e1rio justo e adequado \u00e0 sociedade Nos dias 07 e 08 de junho, o Sindicato dos Auditores-Fiscais Tribut\u00e1rios do Munic\u00edpio de S\u00e3o Paulo (Sindaf-SP) receber\u00e1 entidades representativas de diversos munic\u00edpios do Brasil, entre eles o de Curitiba, Florian\u00f3polis e Recife, em sua sede, para debaterem temas de interesse da [&hellip;]<\/p>\n","protected":false},"author":27,"featured_media":0,"comment_status":"open","ping_status":"closed","sticky":false,"template":"","format":"standard","meta":{"footnotes":""},"categories":[2719],"tags":[55,100,2802,794,2402,12549,940,247,501,2770,10,565,944,1309,12193,12548,12135,351],"class_list":["post-9301","post","type-post","status-publish","format-standard","hentry","category-servidor","tag-carreiras","tag-congresso","tag-consumo","tag-debater","tag-emendas","tag-federalismo","tag-fiscalizacao","tag-fisco","tag-forum","tag-impostos","tag-legislativo","tag-modelo","tag-municipios","tag-prerrogativas","tag-reforma-tributaria","tag-sindafsp-auditores-fiscais","tag-sitema","tag-sociedade"],"_links":{"self":[{"href":"https:\/\/blogs.correiobraziliense.com.br\/servidor\/wp-json\/wp\/v2\/posts\/9301","targetHints":{"allow":["GET"]}}],"collection":[{"href":"https:\/\/blogs.correiobraziliense.com.br\/servidor\/wp-json\/wp\/v2\/posts"}],"about":[{"href":"https:\/\/blogs.correiobraziliense.com.br\/servidor\/wp-json\/wp\/v2\/types\/post"}],"author":[{"embeddable":true,"href":"https:\/\/blogs.correiobraziliense.com.br\/servidor\/wp-json\/wp\/v2\/users\/27"}],"replies":[{"embeddable":true,"href":"https:\/\/blogs.correiobraziliense.com.br\/servidor\/wp-json\/wp\/v2\/comments?post=9301"}],"version-history":[{"count":1,"href":"https:\/\/blogs.correiobraziliense.com.br\/servidor\/wp-json\/wp\/v2\/posts\/9301\/revisions"}],"predecessor-version":[{"id":9302,"href":"https:\/\/blogs.correiobraziliense.com.br\/servidor\/wp-json\/wp\/v2\/posts\/9301\/revisions\/9302"}],"wp:attachment":[{"href":"https:\/\/blogs.correiobraziliense.com.br\/servidor\/wp-json\/wp\/v2\/media?parent=9301"}],"wp:term":[{"taxonomy":"category","embeddable":true,"href":"https:\/\/blogs.correiobraziliense.com.br\/servidor\/wp-json\/wp\/v2\/categories?post=9301"},{"taxonomy":"post_tag","embeddable":true,"href":"https:\/\/blogs.correiobraziliense.com.br\/servidor\/wp-json\/wp\/v2\/tags?post=9301"}],"curies":[{"name":"wp","href":"https:\/\/api.w.org\/{rel}","templated":true}]}}