{"id":930,"date":"2016-02-04T14:32:46","date_gmt":"2016-02-04T16:32:46","guid":{"rendered":"https:\/\/blogs.correiobraziliense.com.br\/servidor\/?p=930"},"modified":"2016-02-04T14:32:46","modified_gmt":"2016-02-04T16:32:46","slug":"mpfdf-desarquiva-investigacao-sobre-compra-de-cacas-gripen-pelo-governo-brasileiro","status":"publish","type":"post","link":"https:\/\/blogs.correiobraziliense.com.br\/servidor\/mpfdf-desarquiva-investigacao-sobre-compra-de-cacas-gripen-pelo-governo-brasileiro\/","title":{"rendered":"MPF\/DF DESARQUIVA INVESTIGA\u00c7\u00c3O SOBRE COMPRA DE CA\u00c7AS GRIPEN PELO GOVERNO BRASILEIRO"},"content":{"rendered":"<p><em><span style=\"color: #000000;line-height: 22px;text-indent: 0px;letter-spacing: normal;font-family: 'Titillium Web', sans-serif;font-size: 15px;font-variant: normal;font-weight: normal;float: none;background-color: #ffffff\">Medida foi tomada ap\u00f3s as descobertas de poss\u00edveis provas de irregularidades pela Opera\u00e7\u00e3o Zelotes<\/span><\/em><\/p>\n<p style=\"font: 15px\/22px 'Titillium Web', sans-serif;margin: 20px 0px 1em;padding: 0px;border: 0px currentColor;color: #4f4f4f;text-indent: 0px;letter-spacing: normal;vertical-align: baseline;background-color: #ffffff\">O Minist\u00e9rio P\u00fablico Federal (MPF) decidiu desarquivar o inqu\u00e9rito civil instaurado no ano passado para apurar suspeitas de irregularidades na compra de avi\u00f5es ca\u00e7a Gripen NG pela For\u00e7a A\u00e9rea Brasileira (FAB). A medida se deve \u00e0 descoberta &#8211; no \u00e2mbito da Opera\u00e7\u00e3o Zelotes &#8211; de novos ind\u00edcios de que o contrato administrativo internacional firmado junto \u00e0 empresa sueca SAAB pode ter resultado n\u00e3o apenas de crit\u00e9rios t\u00e9cnicos, mas, tamb\u00e9m, de poss\u00edvel influ\u00eancia indevida dos investigados Mauro Marcondes e Cristina Mautoni. O casal est\u00e1 preso desde outubro de 2015 e atualmente responde a uma a\u00e7\u00e3o penal proposta pela For\u00e7a Tarefa da Zelotes. Com o desarquivamento, as investiga\u00e7\u00f5es referentes \u00e0 compra dos avi\u00f5es militares ser\u00e1 retomada na Divis\u00e3o de Combate \u00e0 Corrup\u00e7\u00e3o da Procuradoria da Rep\u00fablica no Distrito Federal (PR\/DF).<\/p>\n<p style=\"font: 15px\/22px 'Titillium Web', sans-serif;margin: 20px 0px 1em;padding: 0px;border: 0px currentColor;color: #4f4f4f;text-indent: 0px;letter-spacing: normal;vertical-align: baseline;background-color: #ffffff\"><span style=\"margin: 0px;padding: 0px;border: 0px currentColor;font-family: 'Titillium Web',sans-serif;vertical-align: baseline\">A empresa sueca SAAB foi contratada pelo governo brasileiro em outubro de 2014 depois de uma longa negocia\u00e7\u00e3o. Ap\u00f3s a oficializa\u00e7\u00e3o do neg\u00f3cio, cujo valor total chega a R$ 4,748 bilh\u00f5es (em valores de janeiro de 2015), surgiram suspeitas de sobrepre\u00e7o e superfaturamento. Por cerca de seis meses, o assunto foi objeto de apura\u00e7\u00e3o do MPF que ouviu autoridades, recolheu documentos e analisou informa\u00e7\u00f5es fornecidas pela FAB, pela empresa e por outros envolvidos na compra. No entanto, diante da falta \u201celementos que justificassem a continuidade da investiga\u00e7\u00e3o e o ajuizamento de a\u00e7\u00f5es judiciais relacionadas ao objeto de apura\u00e7\u00e3o\u201d, em agosto de 2015, foi feita a promo\u00e7\u00e3o de arquivamento do inqu\u00e9rito.<\/span><\/p>\n<p style=\"font: 15px\/22px 'Titillium Web', sans-serif;margin: 20px 0px 1em;padding: 0px;border: 0px currentColor;color: #4f4f4f;text-indent: 0px;letter-spacing: normal;vertical-align: baseline;background-color: #ffffff\"><span style=\"margin: 0px;padding: 0px;border: 0px currentColor;font-family: 'Titillium Web',sans-serif;vertical-align: baseline\">Como ocorre em casos como este, o despacho de arquivamento foi enviado \u00e0 5\u00aa C\u00e2mara de Coordena\u00e7\u00e3o e Revis\u00e3o do Minist\u00e9rio P\u00fablico Federal que, no m\u00eas de outubro, homologou a decis\u00e3o. J\u00e1 arquivado, o inqu\u00e9rito civil retornou \u00e0 PR\/DF em janeiro de 2016, quando j\u00e1 eram conhecidas algumas informa\u00e7\u00f5es referentes aos ind\u00edcios encontrados pelos investigadores que atuam na Opera\u00e7\u00e3o Zelotes. Uma das descobertas foi a de que o investigado Mauro Marcondes atuou como lobista da empresa SAAB junto ao governo brasileiro. A suspeita \u00e9 que a atua\u00e7\u00e3o possa ter envolvido a corrup\u00e7\u00e3o de agentes e ex-agentes p\u00fablicos federais.<\/span><\/p>\n<p style=\"font: 15px\/22px 'Titillium Web', sans-serif;margin: 20px 0px 1em;padding: 0px;border: 0px currentColor;color: #4f4f4f;text-indent: 0px;letter-spacing: normal;vertical-align: baseline;background-color: #ffffff\">No despacho de desarquivamento, o procurador da Rep\u00fablica Anselmo Henrique Cordeiro Lopes explica que a decis\u00e3o de reabrir a investiga\u00e7\u00e3o levou em considera\u00e7\u00e3o \u201ca superveni\u00eancia de novos ind\u00edcios que colocam em d\u00favida a idoneidade da contrata\u00e7\u00e3o da empresa SAAB\u201d. Al\u00e9m disso, o procurador determinou que tanto o Minist\u00e9rio da Defesa quando a SAAB sejam oficiadas para que forne\u00e7am informa\u00e7\u00f5es atualizadas sobre o caso. Outra provid\u00eancia adotada foi a solicita\u00e7\u00e3o de todos os dados obtidos na Opera\u00e7\u00e3o Zelotes que possam interessar na instru\u00e7\u00e3o do inqu\u00e9rito civil,<span style=\"margin: 0px;padding: 0px;border: 0px currentColor;font-family: 'Titillium Web',sans-serif;vertical-align: baseline\">\u00a0medida que j\u00e1\u00a0recebeu o aval dos integrantes da For\u00e7a Tarefa.<\/span><\/p>\n<p style=\"font: 15px\/22px 'Titillium Web', sans-serif;margin: 20px 0px 1em;padding: 0px;border: 0px currentColor;color: #4f4f4f;text-indent: 0px;letter-spacing: normal;vertical-align: baseline;background-color: #ffffff\">Clique\u00a0<a style=\"margin: 0px;padding: 0px;color: #427597;font-family: 'Titillium Web',sans-serif;text-decoration: none;vertical-align: baseline;border-top-width: 0px;border-right-width: 0px;border-left-width: 0px;border-bottom-style: none !important\" title=\"Despacho desarquivamento\" href=\"http:\/\/www.mpf.mp.br\/df\/sala-de-imprensa\/docs\/despacho-desarquivamento-cacas\" target=\"_blank\">aqui<\/a>\u00a0para ter acesso ao despacho de desarquivamento do ICP.<\/p>\n","protected":false},"excerpt":{"rendered":"<p>Medida foi tomada ap\u00f3s as descobertas de poss\u00edveis provas de irregularidades pela Opera\u00e7\u00e3o Zelotes O Minist\u00e9rio P\u00fablico Federal (MPF) decidiu desarquivar o inqu\u00e9rito civil instaurado no ano passado para apurar suspeitas de irregularidades na compra de avi\u00f5es ca\u00e7a Gripen NG pela For\u00e7a A\u00e9rea Brasileira (FAB). A medida se deve \u00e0 descoberta &#8211; no \u00e2mbito da Opera\u00e7\u00e3o Zelotes &#8211; de novos [&hellip;]<\/p>\n","protected":false},"author":27,"featured_media":0,"comment_status":"open","ping_status":"closed","sticky":false,"template":"","format":"standard","meta":{"footnotes":""},"categories":[1],"tags":[726,724,723,721,98,725,722,353,89,727,728],"class_list":["post-930","post","type-post","status-publish","format-standard","hentry","category-sem-categoria","tag-brasileiro","tag-cacas","tag-compra","tag-desarquiva","tag-governo","tag-gripen","tag-investigacao","tag-irregularidades","tag-mpfdf","tag-operacao-zelotes","tag-provas"],"_links":{"self":[{"href":"https:\/\/blogs.correiobraziliense.com.br\/servidor\/wp-json\/wp\/v2\/posts\/930","targetHints":{"allow":["GET"]}}],"collection":[{"href":"https:\/\/blogs.correiobraziliense.com.br\/servidor\/wp-json\/wp\/v2\/posts"}],"about":[{"href":"https:\/\/blogs.correiobraziliense.com.br\/servidor\/wp-json\/wp\/v2\/types\/post"}],"author":[{"embeddable":true,"href":"https:\/\/blogs.correiobraziliense.com.br\/servidor\/wp-json\/wp\/v2\/users\/27"}],"replies":[{"embeddable":true,"href":"https:\/\/blogs.correiobraziliense.com.br\/servidor\/wp-json\/wp\/v2\/comments?post=930"}],"version-history":[{"count":1,"href":"https:\/\/blogs.correiobraziliense.com.br\/servidor\/wp-json\/wp\/v2\/posts\/930\/revisions"}],"predecessor-version":[{"id":931,"href":"https:\/\/blogs.correiobraziliense.com.br\/servidor\/wp-json\/wp\/v2\/posts\/930\/revisions\/931"}],"wp:attachment":[{"href":"https:\/\/blogs.correiobraziliense.com.br\/servidor\/wp-json\/wp\/v2\/media?parent=930"}],"wp:term":[{"taxonomy":"category","embeddable":true,"href":"https:\/\/blogs.correiobraziliense.com.br\/servidor\/wp-json\/wp\/v2\/categories?post=930"},{"taxonomy":"post_tag","embeddable":true,"href":"https:\/\/blogs.correiobraziliense.com.br\/servidor\/wp-json\/wp\/v2\/tags?post=930"}],"curies":[{"name":"wp","href":"https:\/\/api.w.org\/{rel}","templated":true}]}}