{"id":9299,"date":"2018-06-04T19:23:50","date_gmt":"2018-06-04T22:23:50","guid":{"rendered":"https:\/\/blogs.correiobraziliense.com.br\/servidor\/?p=9299"},"modified":"2018-06-04T19:23:50","modified_gmt":"2018-06-04T22:23:50","slug":"centrais-sindicais-lancam-agenda-prioritaria-para-o-brasil","status":"publish","type":"post","link":"https:\/\/blogs.correiobraziliense.com.br\/servidor\/centrais-sindicais-lancam-agenda-prioritaria-para-o-brasil\/","title":{"rendered":"Centrais sindicais lan\u00e7am agenda priorit\u00e1ria para o Brasil"},"content":{"rendered":"<p><em>O F\u00f3rum das Centrais (CSB, CTB, CUT, For\u00e7a Sindical, Intersindical, Nova Central e UGT) lan\u00e7am nesta quarta-feira (06\/06) a &#8220;<strong>Agenda Priorit\u00e1ria da Classe Trabalhadora<\/strong>&#8220;, documento unificado com as 22 propostas para o desenvolvimento do Brasil. A atividade de lan\u00e7amento ser\u00e1 a partir das 10h, no Sindicato dos Qu\u00edmicos de S\u00e3o Paulo.\u00a0Na pr\u00f3xima semana, as centrais apresentar\u00e3o o documento aos parlamentares, aos presidentes da C\u00e2mara e do Senado e aos l\u00edderes partid\u00e1rios. E em seguida aos candidatos \u00e0 Presid\u00eancia da Rep\u00fablica<\/em><\/p>\n<p>As propostas s\u00e3o uma agenda socioecon\u00f4mica de transforma\u00e7\u00e3o orientada pelo combate a todas as formas de desigualdade e pela promo\u00e7\u00e3o do emprego de qualidade, pela liberdade, pela democracia, soberania nacional e justi\u00e7a social, destacam as centrais.<\/p>\n<p>A agenda prop\u00f5e de imediato medidas de combate ao desemprego e ao subemprego crescentes que j\u00e1 atingem 28 milh\u00f5es de trabalhadores, como a cria\u00e7\u00e3o de frentes de trabalho, com aten\u00e7\u00e3o especial para os jovens; a retomada das obras de infraestrutura e a implementa\u00e7\u00e3o de pol\u00edticas de amparo aos desempregados, com aumento das parcelas do seguro desemprego, vale transporte para o desempregado, vale g\u00e1s, subs\u00eddio de energia el\u00e9trica, entre outras.<\/p>\n<p>O lan\u00e7amento da agenda priorit\u00e1ria ocorre \u00e0s 10h no Sindicato dos Qu\u00edmicos de S\u00e3o Paulo, na rua Tamandar\u00e9, 348, bairro Liberdade, com a presen\u00e7a dos presidentes de todas as centrais.<\/p>\n<p>Na semana seguinte, as centrais realizar\u00e3o tamb\u00e9m a apresenta\u00e7\u00e3o do documento para os parlamentares do Congresso Nacional, al\u00e9m da entrega aos presidentes da C\u00e2mara e do Senado e para l\u00edderes partid\u00e1rios.<\/p>\n<p>Durante os pr\u00f3ximos meses, os dirigentes das centrais ir\u00e3o entregar aos candidatos \u00e0 presid\u00eancia da Rep\u00fablica a agenda priorit\u00e1ria, bem como para entidades representativas da sociedade.<\/p>\n<p><strong>Lan\u00e7amento da &#8220;Agenda Priorit\u00e1ria da Classe Trabalhadora&#8221;<\/strong><\/p>\n<p>Data: <strong>06\/06, quarta-feira<\/strong><\/p>\n<p>Hor\u00e1rio:<strong> \u00e0s 10h<\/strong><\/p>\n<p>Local: <strong>Sindicato dos Qu\u00edmicos <a href=\"https:\/\/maps.google.com\/?q=de+S%C3%A3o+Paulo++%0D%0A++++++++++++++++++Rua+Tamandar%C3%A9,+348,+bairro+Liberdade+-+S%C3%A3o+Paulo\/SP&amp;entry=gmail&amp;source=g\">de S\u00e3o Paulo <\/a><\/strong><br \/>\nRua Tamandar\u00e9, 348, bairro Liberdade &#8211; S\u00e3o Paulo\/SP<\/p>\n","protected":false},"excerpt":{"rendered":"<p>O F\u00f3rum das Centrais (CSB, CTB, CUT, For\u00e7a Sindical, Intersindical, Nova Central e UGT) lan\u00e7am nesta quarta-feira (06\/06) a &#8220;Agenda Priorit\u00e1ria da Classe Trabalhadora&#8220;, documento unificado com as 22 propostas para o desenvolvimento do Brasil. A atividade de lan\u00e7amento ser\u00e1 a partir das 10h, no Sindicato dos Qu\u00edmicos de S\u00e3o Paulo.\u00a0Na pr\u00f3xima semana, as centrais apresentar\u00e3o o documento aos parlamentares, [&hellip;]<\/p>\n","protected":false},"author":27,"featured_media":0,"comment_status":"open","ping_status":"closed","sticky":false,"template":"","format":"standard","meta":{"footnotes":""},"categories":[2719],"tags":[1527,164,61,178,1259,1723,2383,999,3355,870,12547,2967,268,765,5836,922,696,1260,2966],"class_list":["post-9299","post","type-post","status-publish","format-standard","hentry","category-servidor","tag-agenda","tag-brasil","tag-camara","tag-candidatos","tag-centrais","tag-csb","tag-ctb","tag-cut","tag-desenvolvimento","tag-forca-sindical","tag-intersindial","tag-nova-central","tag-parlamentares","tag-presidencia-da-republica","tag-prioritaria","tag-propostas","tag-senado","tag-sindicais","tag-ugt"],"_links":{"self":[{"href":"https:\/\/blogs.correiobraziliense.com.br\/servidor\/wp-json\/wp\/v2\/posts\/9299","targetHints":{"allow":["GET"]}}],"collection":[{"href":"https:\/\/blogs.correiobraziliense.com.br\/servidor\/wp-json\/wp\/v2\/posts"}],"about":[{"href":"https:\/\/blogs.correiobraziliense.com.br\/servidor\/wp-json\/wp\/v2\/types\/post"}],"author":[{"embeddable":true,"href":"https:\/\/blogs.correiobraziliense.com.br\/servidor\/wp-json\/wp\/v2\/users\/27"}],"replies":[{"embeddable":true,"href":"https:\/\/blogs.correiobraziliense.com.br\/servidor\/wp-json\/wp\/v2\/comments?post=9299"}],"version-history":[{"count":1,"href":"https:\/\/blogs.correiobraziliense.com.br\/servidor\/wp-json\/wp\/v2\/posts\/9299\/revisions"}],"predecessor-version":[{"id":9300,"href":"https:\/\/blogs.correiobraziliense.com.br\/servidor\/wp-json\/wp\/v2\/posts\/9299\/revisions\/9300"}],"wp:attachment":[{"href":"https:\/\/blogs.correiobraziliense.com.br\/servidor\/wp-json\/wp\/v2\/media?parent=9299"}],"wp:term":[{"taxonomy":"category","embeddable":true,"href":"https:\/\/blogs.correiobraziliense.com.br\/servidor\/wp-json\/wp\/v2\/categories?post=9299"},{"taxonomy":"post_tag","embeddable":true,"href":"https:\/\/blogs.correiobraziliense.com.br\/servidor\/wp-json\/wp\/v2\/tags?post=9299"}],"curies":[{"name":"wp","href":"https:\/\/api.w.org\/{rel}","templated":true}]}}